{"id":10137,"date":"2009-04-23T12:31:08","date_gmt":"2009-04-23T11:31:08","guid":{"rendered":"http:\/\/www.pasteris.it\/blog\/?p=10137"},"modified":"2009-04-23T10:34:24","modified_gmt":"2009-04-23T09:34:24","slug":"statusfera-e-giornalismo","status":"publish","type":"post","link":"https:\/\/www.pasteris.it\/blog\/2009\/04\/23\/statusfera-e-giornalismo\/","title":{"rendered":"Statusfera e giornalismo"},"content":{"rendered":"<p><a href=\"http:\/\/www.lsdi.it\/2009\/04\/19\/la-%E2%80%98%E2%80%99status-sfera%E2%80%99%E2%80%99-salvera-il-giornalismo\/\">Via LSDI<\/a><\/p>\n<blockquote><p>L\u2019 universo delle poche righe che dicono quel che facciamo o cosa pensiamo nelle comunit\u00e0 online possono salvare il giornalismo in epoca di crisi? Se lo chiede i<a href=\"http:\/\/www.techcrunch.com\/2009\/04\/11\/can-the-statusphere-save-journalism\/\">n un articolo pubblicato su TechCrunch Brian Solis<\/a>, vate della convergenza tra mezzi di comunicazione tradizionali e social media, e inventore del termine \u2018\u2019statusphere\u2019\u2019 &#8211; La socializzazione del web ha dato spazio ad \u201cun\u2019era di marchi personali\u201d dove \u201cnoi tutti siamo responsabili per la creazione, direzione, percezione e gestione delle nostre personalit\u00e0 telematiche, di ci\u00f2 che condividiamo e di come interagiamo attraverso il \u201cprisma della conversazione\u201d &#8211; Il problema \u201c\u00e8 che agli editori sfugge ci\u00f2 che li pu\u00f2 salvare\u2019\u2019, mentre potrebbero avere grandi benefici da queste nuove forme di giornalismo<\/p><\/blockquote>\n<p><a href=\"http:\/\/www.lsdi.it\/2009\/04\/19\/la-%E2%80%98%E2%80%99status-sfera%E2%80%99%E2%80%99-salvera-il-giornalismo\/\">Continua<br \/>\n<\/a><\/p>\n","protected":false},"excerpt":{"rendered":"<p>Via LSDI L\u2019 universo delle poche righe che dicono quel che facciamo o cosa pensiamo nelle comunit\u00e0 online possono salvare il giornalismo in epoca di crisi? Se lo chiede in un articolo pubblicato su TechCrunch Brian Solis, vate della convergenza tra mezzi di comunicazione tradizionali e social media, e inventore del termine \u2018\u2019statusphere\u2019\u2019 &#8211; La &#8230; <a title=\"Statusfera e giornalismo\" class=\"read-more\" href=\"https:\/\/www.pasteris.it\/blog\/2009\/04\/23\/statusfera-e-giornalismo\/\" aria-label=\"Per saperne di pi\u00f9 su Statusfera e giornalismo\">Leggi tutto<\/a><\/p>\n","protected":false},"author":4,"featured_media":0,"comment_status":"open","ping_status":"open","sticky":false,"template":"","format":"standard","meta":{"footnotes":""},"categories":[6,30],"tags":[160,161,210],"class_list":["post-10137","post","type-post","status-publish","format-standard","hentry","category-internet","category-media","tag-giornalismo","tag-giornalisti","tag-lsdi"],"_links":{"self":[{"href":"https:\/\/www.pasteris.it\/blog\/wp-json\/wp\/v2\/posts\/10137","targetHints":{"allow":["GET"]}}],"collection":[{"href":"https:\/\/www.pasteris.it\/blog\/wp-json\/wp\/v2\/posts"}],"about":[{"href":"https:\/\/www.pasteris.it\/blog\/wp-json\/wp\/v2\/types\/post"}],"author":[{"embeddable":true,"href":"https:\/\/www.pasteris.it\/blog\/wp-json\/wp\/v2\/users\/4"}],"replies":[{"embeddable":true,"href":"https:\/\/www.pasteris.it\/blog\/wp-json\/wp\/v2\/comments?post=10137"}],"version-history":[{"count":1,"href":"https:\/\/www.pasteris.it\/blog\/wp-json\/wp\/v2\/posts\/10137\/revisions"}],"predecessor-version":[{"id":10138,"href":"https:\/\/www.pasteris.it\/blog\/wp-json\/wp\/v2\/posts\/10137\/revisions\/10138"}],"wp:attachment":[{"href":"https:\/\/www.pasteris.it\/blog\/wp-json\/wp\/v2\/media?parent=10137"}],"wp:term":[{"taxonomy":"category","embeddable":true,"href":"https:\/\/www.pasteris.it\/blog\/wp-json\/wp\/v2\/categories?post=10137"},{"taxonomy":"post_tag","embeddable":true,"href":"https:\/\/www.pasteris.it\/blog\/wp-json\/wp\/v2\/tags?post=10137"}],"curies":[{"name":"wp","href":"https:\/\/api.w.org\/{rel}","templated":true}]}}