{"id":10197,"date":"2009-04-27T11:36:11","date_gmt":"2009-04-27T10:36:11","guid":{"rendered":"http:\/\/www.pasteris.it\/blog\/?p=10197"},"modified":"2009-04-27T05:39:00","modified_gmt":"2009-04-27T04:39:00","slug":"slow-food-e-razzista","status":"publish","type":"post","link":"https:\/\/www.pasteris.it\/blog\/2009\/04\/27\/slow-food-e-razzista\/","title":{"rendered":"Slow Food \u00e8 razzista ?"},"content":{"rendered":"<p><a href=\"http:\/\/www.ilgastronomade.com\/index.php?option=com_content&amp;view=article&amp;id=814:o-slow-food-italia-sul-caso-delle-condotte-anti-kebab&amp;catid=24:novita\">Via Gastronomade <\/a><\/p>\n<blockquote><p>Scrivere che i negozi che vendono kebab sono: &#8220;<em>Centri di spaccio e di riciclaggio di denaro sporco&#8230;<\/em>&#8220;, oltre che ad una gravissima affermazione diffamante, non ha nulla a che vedere con una critica sulla qualit\u00e0 delle materie prime e sul rispetto delle norme haccp dei kebabbari.&#8221; E&#8217; razzismo e basta!<\/p>\n<p>Devo purtroppo anche comunicarti che, con mia grande sorpresa, sono state molto pi\u00f9 numerose le email che ho ricevuto che ricalcavano le posizioni di Giordano, piuttosto che quelle che prendevano le distanze dalle sue affermazioni.<\/p>\n<p>Credo che su questo fenomeno &#8220;dell&#8217;intolleranza alimentare&#8221;, evidentemente tutt&#8217;altro che isolato all&#8217;interno del variegato universo dei &#8220;fiduciari&#8221;, sia opportuno avviare una riflessione, poich\u00e9 questo genere di posizioni &#8220;estremiste&#8221; rischiano d&#8217;invalidare nei fatti, sul terreno, le buone intenzioni di Carlin Petrini ed i &#8220;Manifesti&#8221; ideali di eventi come Terra Madre.<\/p>\n<p><!--more--><br \/>\nL&#8217;impressione, vista dall&#8217;esterno, \u00e8 che questa ondata di xenofobia diffusa che si respira oggi in Italia, e che leggiamo ogni giorno a piene pagine sui giornali, con ripetuti attacchi e aggressioni nei confronti degli stranieri, si stia spostando anche sul terreno del rifiuto delle diverse culture alimentari, coniugandosi con forme di fanatismo nazionalista (Polenta s\u00ec, Couscous No) e protezionismo dei mercati, nel nome della salvaguardia dell&#8217;identit\u00e0 italiana e dei nostri prodotti tipici.<\/p>\n<p>Il problema dell&#8217;anti-kebabismo non pu\u00f2 quindi essere banalizzato auspicando la produzione di un &#8220;kebab doc&#8221;, a &#8220;filiera corta&#8221; o a &#8220;km 0&#8221;, come capita di leggere ultimamente, ma \u00e8 molto pi\u00f9 complesso e richiede a mio avviso una ben pi\u00f9 ragionata azione di contrasto e d&#8217;informazione.<\/p><\/blockquote>\n","protected":false},"excerpt":{"rendered":"<p>Via Gastronomade Scrivere che i negozi che vendono kebab sono: &#8220;Centri di spaccio e di riciclaggio di denaro sporco&#8230;&#8220;, oltre che ad una gravissima affermazione diffamante, non ha nulla a che vedere con una critica sulla qualit\u00e0 delle materie prime e sul rispetto delle norme haccp dei kebabbari.&#8221; E&#8217; razzismo e basta! Devo purtroppo anche &#8230; <a title=\"Slow Food \u00e8 razzista ?\" class=\"read-more\" href=\"https:\/\/www.pasteris.it\/blog\/2009\/04\/27\/slow-food-e-razzista\/\" aria-label=\"Per saperne di pi\u00f9 su Slow Food \u00e8 razzista ?\">Leggi tutto<\/a><\/p>\n","protected":false},"author":4,"featured_media":0,"comment_status":"open","ping_status":"open","sticky":false,"template":"","format":"standard","meta":{"footnotes":""},"categories":[27,11],"tags":[2165,143,867,313],"class_list":["post-10197","post","type-post","status-publish","format-standard","hentry","category-cibo","category-diritti","tag-cibo","tag-food","tag-razzismo","tag-slowfood"],"_links":{"self":[{"href":"https:\/\/www.pasteris.it\/blog\/wp-json\/wp\/v2\/posts\/10197","targetHints":{"allow":["GET"]}}],"collection":[{"href":"https:\/\/www.pasteris.it\/blog\/wp-json\/wp\/v2\/posts"}],"about":[{"href":"https:\/\/www.pasteris.it\/blog\/wp-json\/wp\/v2\/types\/post"}],"author":[{"embeddable":true,"href":"https:\/\/www.pasteris.it\/blog\/wp-json\/wp\/v2\/users\/4"}],"replies":[{"embeddable":true,"href":"https:\/\/www.pasteris.it\/blog\/wp-json\/wp\/v2\/comments?post=10197"}],"version-history":[{"count":2,"href":"https:\/\/www.pasteris.it\/blog\/wp-json\/wp\/v2\/posts\/10197\/revisions"}],"predecessor-version":[{"id":10199,"href":"https:\/\/www.pasteris.it\/blog\/wp-json\/wp\/v2\/posts\/10197\/revisions\/10199"}],"wp:attachment":[{"href":"https:\/\/www.pasteris.it\/blog\/wp-json\/wp\/v2\/media?parent=10197"}],"wp:term":[{"taxonomy":"category","embeddable":true,"href":"https:\/\/www.pasteris.it\/blog\/wp-json\/wp\/v2\/categories?post=10197"},{"taxonomy":"post_tag","embeddable":true,"href":"https:\/\/www.pasteris.it\/blog\/wp-json\/wp\/v2\/tags?post=10197"}],"curies":[{"name":"wp","href":"https:\/\/api.w.org\/{rel}","templated":true}]}}