{"id":10304,"date":"2009-04-30T16:48:41","date_gmt":"2009-04-30T15:48:41","guid":{"rendered":"http:\/\/www.pasteris.it\/blog\/?p=10304"},"modified":"2009-04-30T17:35:22","modified_gmt":"2009-04-30T16:35:22","slug":"detroit-provincia-di-torino","status":"publish","type":"post","link":"https:\/\/www.pasteris.it\/blog\/2009\/04\/30\/detroit-provincia-di-torino\/","title":{"rendered":"Detroit provincia di Torino"},"content":{"rendered":"<p><a href=\"http:\/\/www.pasteris.it\/blog\/wp-content\/uploads\/2009\/04\/detroit.jpg\"><img loading=\"lazy\" decoding=\"async\" class=\"alignright size-full wp-image-10307\" title=\"detroit\" src=\"http:\/\/www.pasteris.it\/blog\/wp-content\/uploads\/2009\/04\/detroit.jpg\" alt=\"detroit\" width=\"211\" height=\"158\" \/><\/a>L&#8217;accordo \u00e8 stato raggiunto. Fiat e Chrysler hanno trovato l&#8217;intesa che passer\u00e0 attraverso <a href=\"http:\/\/it.wikipedia.org\/wiki\/Chapter_11\">la bancarotta controllata<\/a> della casa automobilistica americana.<br \/>\nIl presidente Usa Barack Obama far\u00e0 alle 18.00 italiane un annuncio sull&#8217;intesa Fiat-Chrysler. Marchionne AD in pectore.<br \/>\n<a href=\"http:\/\/www.whitehouse.gov\/live\/\">La diretta dalla Casa Bianca<\/a><\/p>\n","protected":false},"excerpt":{"rendered":"<p>L&#8217;accordo \u00e8 stato raggiunto. Fiat e Chrysler hanno trovato l&#8217;intesa che passer\u00e0 attraverso la bancarotta controllata della casa automobilistica americana. Il presidente Usa Barack Obama far\u00e0 alle 18.00 italiane un annuncio sull&#8217;intesa Fiat-Chrysler. Marchionne AD in pectore. La diretta dalla Casa Bianca<\/p>\n","protected":false},"author":4,"featured_media":0,"comment_status":"open","ping_status":"open","sticky":false,"template":"","format":"standard","meta":{"footnotes":""},"categories":[17,15,14],"tags":[60,131,248],"class_list":["post-10304","post","type-post","status-publish","format-standard","hentry","category-economia","category-mobile","category-torino","tag-automobile","tag-fiat","tag-obama"],"_links":{"self":[{"href":"https:\/\/www.pasteris.it\/blog\/wp-json\/wp\/v2\/posts\/10304","targetHints":{"allow":["GET"]}}],"collection":[{"href":"https:\/\/www.pasteris.it\/blog\/wp-json\/wp\/v2\/posts"}],"about":[{"href":"https:\/\/www.pasteris.it\/blog\/wp-json\/wp\/v2\/types\/post"}],"author":[{"embeddable":true,"href":"https:\/\/www.pasteris.it\/blog\/wp-json\/wp\/v2\/users\/4"}],"replies":[{"embeddable":true,"href":"https:\/\/www.pasteris.it\/blog\/wp-json\/wp\/v2\/comments?post=10304"}],"version-history":[{"count":4,"href":"https:\/\/www.pasteris.it\/blog\/wp-json\/wp\/v2\/posts\/10304\/revisions"}],"predecessor-version":[{"id":10306,"href":"https:\/\/www.pasteris.it\/blog\/wp-json\/wp\/v2\/posts\/10304\/revisions\/10306"}],"wp:attachment":[{"href":"https:\/\/www.pasteris.it\/blog\/wp-json\/wp\/v2\/media?parent=10304"}],"wp:term":[{"taxonomy":"category","embeddable":true,"href":"https:\/\/www.pasteris.it\/blog\/wp-json\/wp\/v2\/categories?post=10304"},{"taxonomy":"post_tag","embeddable":true,"href":"https:\/\/www.pasteris.it\/blog\/wp-json\/wp\/v2\/tags?post=10304"}],"curies":[{"name":"wp","href":"https:\/\/api.w.org\/{rel}","templated":true}]}}