{"id":10448,"date":"2009-05-10T07:47:01","date_gmt":"2009-05-10T06:47:01","guid":{"rendered":"http:\/\/www.pasteris.it\/blog\/?p=10448"},"modified":"2009-05-14T06:36:55","modified_gmt":"2009-05-14T05:36:55","slug":"giornalismi-subalpini-avanti-piano-ma-avanti","status":"publish","type":"post","link":"https:\/\/www.pasteris.it\/blog\/2009\/05\/10\/giornalismi-subalpini-avanti-piano-ma-avanti\/","title":{"rendered":"Giornalismi subalpini: avanti piano, ma avanti"},"content":{"rendered":"<p>Domenica 10 e luned\u00ec 11 si svolgono le elezioni del <a href=\"http:\/\/www.stampasubalpina.it\/\">sindacato giornalisti subalpino<\/a>. Dei <a href=\"http:\/\/www.stampasubalpina.it\/DetailNews.aspx?ID_NEWS=1247\">candidati alle cariche assortite delle due liste presenti<\/a>, in conoscenza del bloggante non esiste nessun giornalista che lavori esclusivamente per testate digitali. Non \u00e8 un buon segno.<\/p>\n<p>La buona notizia \u00e8 che il candidato alla segreteria regionale \u00e8 la cara <a href=\"http:\/\/www.lastampa.it\/comazzi\">Alessandra Comazzi<\/a>, una giornalista onesta, seria , competente, appassionata per il suo lavoro. Il nuovo che avanza.<br \/>\nIn bocca al lupo Alessandra, il cambiamento cammina con te.<\/p>\n<p>Per completezza e correttezza informativa: il bloggante aveva avuto richieste di candidatura per fare operazioni di consiglieraggio, ma ha declinato l&#8217;invito per ragioni prevalenti di seriet\u00e0 (meglio fare bene o benino 6 cose, che farne male 12).<\/p>\n<p>UPDATE: <a href=\"http:\/\/www.stampasubalpina.it\/DetailNews.aspx?ID_NEWS=1295\">qui<\/a> i risultati delle elezioni<\/p>\n","protected":false},"excerpt":{"rendered":"<p>Domenica 10 e luned\u00ec 11 si svolgono le elezioni del sindacato giornalisti subalpino. Dei candidati alle cariche assortite delle due liste presenti, in conoscenza del bloggante non esiste nessun giornalista che lavori esclusivamente per testate digitali. Non \u00e8 un buon segno. La buona notizia \u00e8 che il candidato alla segreteria regionale \u00e8 la cara Alessandra &#8230; <a title=\"Giornalismi subalpini: avanti piano, ma avanti\" class=\"read-more\" href=\"https:\/\/www.pasteris.it\/blog\/2009\/05\/10\/giornalismi-subalpini-avanti-piano-ma-avanti\/\" aria-label=\"Per saperne di pi\u00f9 su Giornalismi subalpini: avanti piano, ma avanti\">Leggi tutto<\/a><\/p>\n","protected":false},"author":4,"featured_media":0,"comment_status":"open","ping_status":"open","sticky":false,"template":"","format":"standard","meta":{"footnotes":""},"categories":[30,14],"tags":[161,255,267,1110],"class_list":["post-10448","post","type-post","status-publish","format-standard","hentry","category-media","category-torino","tag-giornalisti","tag-ordine-giornalisti","tag-piemonte","tag-stampa-subalpina"],"_links":{"self":[{"href":"https:\/\/www.pasteris.it\/blog\/wp-json\/wp\/v2\/posts\/10448","targetHints":{"allow":["GET"]}}],"collection":[{"href":"https:\/\/www.pasteris.it\/blog\/wp-json\/wp\/v2\/posts"}],"about":[{"href":"https:\/\/www.pasteris.it\/blog\/wp-json\/wp\/v2\/types\/post"}],"author":[{"embeddable":true,"href":"https:\/\/www.pasteris.it\/blog\/wp-json\/wp\/v2\/users\/4"}],"replies":[{"embeddable":true,"href":"https:\/\/www.pasteris.it\/blog\/wp-json\/wp\/v2\/comments?post=10448"}],"version-history":[{"count":8,"href":"https:\/\/www.pasteris.it\/blog\/wp-json\/wp\/v2\/posts\/10448\/revisions"}],"predecessor-version":[{"id":10450,"href":"https:\/\/www.pasteris.it\/blog\/wp-json\/wp\/v2\/posts\/10448\/revisions\/10450"}],"wp:attachment":[{"href":"https:\/\/www.pasteris.it\/blog\/wp-json\/wp\/v2\/media?parent=10448"}],"wp:term":[{"taxonomy":"category","embeddable":true,"href":"https:\/\/www.pasteris.it\/blog\/wp-json\/wp\/v2\/categories?post=10448"},{"taxonomy":"post_tag","embeddable":true,"href":"https:\/\/www.pasteris.it\/blog\/wp-json\/wp\/v2\/tags?post=10448"}],"curies":[{"name":"wp","href":"https:\/\/api.w.org\/{rel}","templated":true}]}}