{"id":10567,"date":"2009-05-13T05:30:12","date_gmt":"2009-05-13T04:30:12","guid":{"rendered":"http:\/\/www.pasteris.it\/blog\/?p=10567"},"modified":"2009-05-13T05:30:12","modified_gmt":"2009-05-13T04:30:12","slug":"ferrari-la-si-nota-di-piu-se-non-ce","status":"publish","type":"post","link":"https:\/\/www.pasteris.it\/blog\/2009\/05\/13\/ferrari-la-si-nota-di-piu-se-non-ce\/","title":{"rendered":"Ferrari: la si nota di pi\u00f9 se non c&#8217;\u00e8 ?"},"content":{"rendered":"<p><a href=\"http:\/\/www.lastampa.it\/sport\/cmsSezioni\/formula1\/200905articoli\/20437girata.asp\">La Ferrari minaccia di non partecipare al prossimo campionato di F1<\/a><\/p>\n<blockquote><p>La Ferrari conferma la propria opposizione alla nuova regolamentazione imposta dalla Fia. Il Consiglio d\u2019Amministrazione riunitosi oggi a Maranello sotto la Presidenza di Luca Cordero di Montezemolo avverte la FIA che se permane lo \u00abstatus quo\u00bb non intende iscrivere le proprie vetture al Mondiale di Formula Uno del 2010.<\/p>\n<p>La notizia \u00e8 affidata ad un comunicato stampa del Marchio del Cavallino e fa immediatamente il giro del mondo. La casa di Maranello ribadisce che \u00abse questo sar\u00e0 il quadro normativo della futura Formula 1, verrebbero definitivamente meno le ragioni che hanno motivato la presenza della Ferrari nel Campionato Mondiale durante sessanta edizioni, unico costruttore ad avervi ininterrottamente partecipato fin dalla sua istituzione nel 1950\u00bb.<\/p><\/blockquote>\n","protected":false},"excerpt":{"rendered":"<p>La Ferrari minaccia di non partecipare al prossimo campionato di F1 La Ferrari conferma la propria opposizione alla nuova regolamentazione imposta dalla Fia. Il Consiglio d\u2019Amministrazione riunitosi oggi a Maranello sotto la Presidenza di Luca Cordero di Montezemolo avverte la FIA che se permane lo \u00abstatus quo\u00bb non intende iscrivere le proprie vetture al Mondiale &#8230; <a title=\"Ferrari: la si nota di pi\u00f9 se non c&#8217;\u00e8 ?\" class=\"read-more\" href=\"https:\/\/www.pasteris.it\/blog\/2009\/05\/13\/ferrari-la-si-nota-di-piu-se-non-ce\/\" aria-label=\"Per saperne di pi\u00f9 su Ferrari: la si nota di pi\u00f9 se non c&#8217;\u00e8 ?\">Leggi tutto<\/a><\/p>\n","protected":false},"author":4,"featured_media":0,"comment_status":"open","ping_status":"open","sticky":false,"template":"","format":"standard","meta":{"footnotes":""},"categories":[17,9],"tags":[60,394],"class_list":["post-10567","post","type-post","status-publish","format-standard","hentry","category-economia","category-sport","tag-automobile","tag-ferrari"],"_links":{"self":[{"href":"https:\/\/www.pasteris.it\/blog\/wp-json\/wp\/v2\/posts\/10567","targetHints":{"allow":["GET"]}}],"collection":[{"href":"https:\/\/www.pasteris.it\/blog\/wp-json\/wp\/v2\/posts"}],"about":[{"href":"https:\/\/www.pasteris.it\/blog\/wp-json\/wp\/v2\/types\/post"}],"author":[{"embeddable":true,"href":"https:\/\/www.pasteris.it\/blog\/wp-json\/wp\/v2\/users\/4"}],"replies":[{"embeddable":true,"href":"https:\/\/www.pasteris.it\/blog\/wp-json\/wp\/v2\/comments?post=10567"}],"version-history":[{"count":2,"href":"https:\/\/www.pasteris.it\/blog\/wp-json\/wp\/v2\/posts\/10567\/revisions"}],"predecessor-version":[{"id":10569,"href":"https:\/\/www.pasteris.it\/blog\/wp-json\/wp\/v2\/posts\/10567\/revisions\/10569"}],"wp:attachment":[{"href":"https:\/\/www.pasteris.it\/blog\/wp-json\/wp\/v2\/media?parent=10567"}],"wp:term":[{"taxonomy":"category","embeddable":true,"href":"https:\/\/www.pasteris.it\/blog\/wp-json\/wp\/v2\/categories?post=10567"},{"taxonomy":"post_tag","embeddable":true,"href":"https:\/\/www.pasteris.it\/blog\/wp-json\/wp\/v2\/tags?post=10567"}],"curies":[{"name":"wp","href":"https:\/\/api.w.org\/{rel}","templated":true}]}}