{"id":10693,"date":"2009-05-19T13:38:59","date_gmt":"2009-05-19T12:38:59","guid":{"rendered":"http:\/\/www.pasteris.it\/blog\/?p=10693"},"modified":"2009-05-19T08:19:35","modified_gmt":"2009-05-19T07:19:35","slug":"federico-faggin-a-verona","status":"publish","type":"post","link":"https:\/\/www.pasteris.it\/blog\/2009\/05\/19\/federico-faggin-a-verona\/","title":{"rendered":"Federico Faggin a Verona"},"content":{"rendered":"<p><img loading=\"lazy\" decoding=\"async\" class=\"alignright\" title=\"Federico faggin\" src=\"http:\/\/www.torinoscienza.it\/img\/orig\/it\/s00\/00\/0003\/0000037d.jpg\" alt=\"\" width=\"257\" height=\"211\" \/>Mercoled\u00ec 20 maggio alle 15.30 nell&#8217;Aula Magna dell&#8217;Universit\u00e0 di Verona si svolger\u00e0 ua tavola rotonda su <em>La ripresa. Competitivit\u00e0, ricerca e innovazione<\/em>, con\u00a0 la presenza di <a href=\"http:\/\/it.wikipedia.org\/wiki\/Federico_Faggin\">Federico Faggin<\/a>, artefice di uno degli eventi pi\u00f9 significativi dell&#8217;economia digitale: l&#8217;invenzione del microprocessore. Era il 1971 quando il giovane scienziato vicentino entr\u00f2 all&#8217;Intel dove, insieme a Ted Hoff e Stan Mazor, disegn\u00f2 e costru\u00ec il primo microprocessore al mondo, l&#8217;Intel 4004. Era nato il cuore del computer. Oggi Federico Faggin \u00e8 un affermato imprenditore, vive e lavora nel cuore della Silicon Valley dove ha fondato tre societ\u00e0 high tech.<\/p>\n","protected":false},"excerpt":{"rendered":"<p>Mercoled\u00ec 20 maggio alle 15.30 nell&#8217;Aula Magna dell&#8217;Universit\u00e0 di Verona si svolger\u00e0 ua tavola rotonda su La ripresa. Competitivit\u00e0, ricerca e innovazione, con\u00a0 la presenza di Federico Faggin, artefice di uno degli eventi pi\u00f9 significativi dell&#8217;economia digitale: l&#8217;invenzione del microprocessore. Era il 1971 quando il giovane scienziato vicentino entr\u00f2 all&#8217;Intel dove, insieme a Ted Hoff &#8230; <a title=\"Federico Faggin a Verona\" class=\"read-more\" href=\"https:\/\/www.pasteris.it\/blog\/2009\/05\/19\/federico-faggin-a-verona\/\" aria-label=\"Per saperne di pi\u00f9 su Federico Faggin a Verona\">Leggi tutto<\/a><\/p>\n","protected":false},"author":4,"featured_media":0,"comment_status":"open","ping_status":"open","sticky":false,"template":"","format":"standard","meta":{"footnotes":""},"categories":[33,18],"tags":[2171,891],"class_list":["post-10693","post","type-post","status-publish","format-standard","hentry","category-computer","category-scienza","tag-computer","tag-microprocessore"],"_links":{"self":[{"href":"https:\/\/www.pasteris.it\/blog\/wp-json\/wp\/v2\/posts\/10693","targetHints":{"allow":["GET"]}}],"collection":[{"href":"https:\/\/www.pasteris.it\/blog\/wp-json\/wp\/v2\/posts"}],"about":[{"href":"https:\/\/www.pasteris.it\/blog\/wp-json\/wp\/v2\/types\/post"}],"author":[{"embeddable":true,"href":"https:\/\/www.pasteris.it\/blog\/wp-json\/wp\/v2\/users\/4"}],"replies":[{"embeddable":true,"href":"https:\/\/www.pasteris.it\/blog\/wp-json\/wp\/v2\/comments?post=10693"}],"version-history":[{"count":1,"href":"https:\/\/www.pasteris.it\/blog\/wp-json\/wp\/v2\/posts\/10693\/revisions"}],"predecessor-version":[{"id":10694,"href":"https:\/\/www.pasteris.it\/blog\/wp-json\/wp\/v2\/posts\/10693\/revisions\/10694"}],"wp:attachment":[{"href":"https:\/\/www.pasteris.it\/blog\/wp-json\/wp\/v2\/media?parent=10693"}],"wp:term":[{"taxonomy":"category","embeddable":true,"href":"https:\/\/www.pasteris.it\/blog\/wp-json\/wp\/v2\/categories?post=10693"},{"taxonomy":"post_tag","embeddable":true,"href":"https:\/\/www.pasteris.it\/blog\/wp-json\/wp\/v2\/tags?post=10693"}],"curies":[{"name":"wp","href":"https:\/\/api.w.org\/{rel}","templated":true}]}}