{"id":10709,"date":"2009-05-19T14:10:21","date_gmt":"2009-05-19T13:10:21","guid":{"rendered":"http:\/\/www.pasteris.it\/blog\/?p=10709"},"modified":"2009-05-19T17:35:22","modified_gmt":"2009-05-19T16:35:22","slug":"il-rapporto-caio-direttamente-in-rete","status":"publish","type":"post","link":"https:\/\/www.pasteris.it\/blog\/2009\/05\/19\/il-rapporto-caio-direttamente-in-rete\/","title":{"rendered":"Il Rapporto Caio direttamente in rete"},"content":{"rendered":"<p>Domani il PD <a href=\"http:\/\/www.partitodemocratico.it\/dettaglio\/78228\/convegno_litalia_in_rete\">Organizza un convegno su L&#8217;Italia in rete &#8211; le proposte del Pd per la banda larga e le Ngn&#8221;.<\/a> Si parler\u00e0 ovviamente anche del Rapporto Caio spuntato dalla rete.<a href=\"http:\/\/www.corriere.it\/economia\/09_maggio_19\/piano_caio_06f607e4-443e-11de-a9a2-00144f02aabc.shtml\"> Via Corriere<\/a><\/p>\n<blockquote><p>Era stato presentato al governo il 12 marzo scorso. Qualche parziale anticipazione era uscita sulla stampa. Poi, non si era saputo pi\u00f9 nulla sul &#8220;rapporto Caio&#8221;, il documento preparato su richiesta dell\u2019esecutivo da Francesco Caio sullo stato di salute della banda larga in Italia. Reazioni dal governo Berlusconi? Riflessioni? Secondo le indiscrezioni qualche passaggio ci sarebbe stato nel frattempo con il ministro Renato Brunetta che punta sull\u2019e-government. Nulla di pi\u00f9. Ma per ironia della sorte <a href=\"http:\/\/www.wikileaks.com\/leak\/italia-caio-broadband-report-2009.pdf\">\u00e8 proprio sulla rete, quella stessa che Caio descrive malata di \u00abosteoporosi\u00bb, che il documento \u00e8 emerso ieri.<\/a><\/p>\n<div id=\"__ss_1457323\" style=\"width: 425px; text-align: left;\"><a style=\"font:14px Helvetica,Arial,Sans-serif;display:block;margin:12px 0 3px 0;text-decoration:underline;\" title=\"Il Rapporto Caio sulla banda larga\" href=\"http:\/\/www.slideshare.net\/pandemia\/il-rapporto-caio-sulla-banda-larga?type=presentation\">Il Rapporto Caio sulla banda larga<\/a><object width=\"425\" height=\"355\" data=\"http:\/\/static.slidesharecdn.com\/swf\/ssplayer2.swf?doc=1457323&amp;stripped_title=il-rapporto-caio-sulla-banda-larga\" type=\"application\/x-shockwave-flash\"><param name=\"allowFullScreen\" value=\"true\" \/><param name=\"allowScriptAccess\" value=\"always\" \/><param name=\"src\" value=\"http:\/\/static.slidesharecdn.com\/swf\/ssplayer2.swf?doc=1457323&amp;stripped_title=il-rapporto-caio-sulla-banda-larga\" \/><param name=\"allowfullscreen\" value=\"true\" \/><\/object><\/p>\n<div style=\"font-size: 11px; font-family: tahoma,arial; height: 26px; padding-top: 2px;\">View more <a style=\"text-decoration:underline;\" href=\"http:\/\/www.slideshare.net\/\">presentations<\/a> from <a style=\"text-decoration:underline;\" href=\"http:\/\/www.slideshare.net\/pandemia\">Luca Conti<\/a>.<\/div>\n<\/div>\n<p>Il sito dove le 105 pagine sono ormai di dominio \u00abpubblico\u00bb \u00e8 Wikileaks, un braccio dell\u2019enciclopedia online Wikipedia nato proprio per strappare dalla segretezza delle decisioni dei governi in giro per il mondo documenti che influenzano le decisioni pubbliche. Almeno da oggi la discussione sar\u00e0 aperta. Come era emerso il governo di fronte a uno stato di forte rallentamento privato degli investimenti, sia di Telecom sia dei gestori mobili, ha tre opzioni a seconda dei propri obiettivi, ma tutti perseguibili con investimento pubblico. Il primo: conquistare la leadership in Europa. Per raggiungerla Caio vede come unica opzione il famoso scorporo della rete da Telecom di \u00abrovatiana\u00bb memoria con la costituzione di una societ\u00e0 pubblica per gestire insieme rame e fibra (investimento: 10 miliardi).<\/p>\n<p><!--more--><\/p>\n<p>Ma \u00e8 sull\u2019opzione due, quella che pragmaticamente ha le maggiori possibilit\u00e0 di attuazione, che emergono conflitti: il piano \u00abper non arretrare in Europa implica la creazione di un\u2019azienda rete nazionale in fibra\u00bb. Ma in teoria si potrebbe cos\u00ec profilare uno &#8220;scontro&#8221; tra Telecom e Stato con due sviluppi paralleli di reti succedanee. Proprio per questo \u00abla soluzione migliore sarebbe il modello olandese (Kpn), cio\u00e8 un consorzio partecipato dallo Stato ma anche da Telecom. Solo cos\u00ec la societ\u00e0 potr\u00e0 decidere di ritirarsi dal rame man mano che avanzer\u00e0 la fibra. La soluzione, una volta che il governo avr\u00e0 valutato le proprie politiche industriali non potr\u00e0 che passare da un tavolo\u00bb. Terza opzione, obiettivo di minima: 1,2 miliardi in tre anni per colmare il digital divide che se si considera una velocit\u00e0 di 2 megabyte, giudicata da Caio il minimo per poter parlare di internet veloce, sale ben sopra alle stime attuali \u00abal 12% della popolazione italiana, pari a 7,5 milioni di cittadini senza accesso alla banda larga\u00bb. Poi si vedr\u00e0<\/p><\/blockquote>\n","protected":false},"excerpt":{"rendered":"<p>Domani il PD Organizza un convegno su L&#8217;Italia in rete &#8211; le proposte del Pd per la banda larga e le Ngn&#8221;. Si parler\u00e0 ovviamente anche del Rapporto Caio spuntato dalla rete. Via Corriere Era stato presentato al governo il 12 marzo scorso. Qualche parziale anticipazione era uscita sulla stampa. Poi, non si era saputo &#8230; <a title=\"Il Rapporto Caio direttamente in rete\" class=\"read-more\" href=\"https:\/\/www.pasteris.it\/blog\/2009\/05\/19\/il-rapporto-caio-direttamente-in-rete\/\" aria-label=\"Per saperne di pi\u00f9 su Il Rapporto Caio direttamente in rete\">Leggi tutto<\/a><\/p>\n","protected":false},"author":4,"featured_media":0,"comment_status":"open","ping_status":"open","sticky":false,"template":"","format":"standard","meta":{"footnotes":""},"categories":[6,1,424],"tags":[62,264,330],"class_list":["post-10709","post","type-post","status-publish","format-standard","hentry","category-internet","category-politica","category-personale","tag-banda-larga","tag-partito-democratico","tag-telecom-italia"],"_links":{"self":[{"href":"https:\/\/www.pasteris.it\/blog\/wp-json\/wp\/v2\/posts\/10709","targetHints":{"allow":["GET"]}}],"collection":[{"href":"https:\/\/www.pasteris.it\/blog\/wp-json\/wp\/v2\/posts"}],"about":[{"href":"https:\/\/www.pasteris.it\/blog\/wp-json\/wp\/v2\/types\/post"}],"author":[{"embeddable":true,"href":"https:\/\/www.pasteris.it\/blog\/wp-json\/wp\/v2\/users\/4"}],"replies":[{"embeddable":true,"href":"https:\/\/www.pasteris.it\/blog\/wp-json\/wp\/v2\/comments?post=10709"}],"version-history":[{"count":5,"href":"https:\/\/www.pasteris.it\/blog\/wp-json\/wp\/v2\/posts\/10709\/revisions"}],"predecessor-version":[{"id":10712,"href":"https:\/\/www.pasteris.it\/blog\/wp-json\/wp\/v2\/posts\/10709\/revisions\/10712"}],"wp:attachment":[{"href":"https:\/\/www.pasteris.it\/blog\/wp-json\/wp\/v2\/media?parent=10709"}],"wp:term":[{"taxonomy":"category","embeddable":true,"href":"https:\/\/www.pasteris.it\/blog\/wp-json\/wp\/v2\/categories?post=10709"},{"taxonomy":"post_tag","embeddable":true,"href":"https:\/\/www.pasteris.it\/blog\/wp-json\/wp\/v2\/tags?post=10709"}],"curies":[{"name":"wp","href":"https:\/\/api.w.org\/{rel}","templated":true}]}}