{"id":10741,"date":"2009-05-23T08:41:30","date_gmt":"2009-05-23T07:41:30","guid":{"rendered":"http:\/\/www.pasteris.it\/blog\/?p=10741"},"modified":"2009-05-20T08:50:19","modified_gmt":"2009-05-20T07:50:19","slug":"cosi-migravano","status":"publish","type":"post","link":"https:\/\/www.pasteris.it\/blog\/2009\/05\/23\/cosi-migravano\/","title":{"rendered":"Cos\u00ec migravano"},"content":{"rendered":"<p>Putroppo gli italiani di un certo tipo non ricordano la storia degli italiani nel mondo\u00a0 <a href=\"http:\/\/www.rainews24.rai.it\/it\/news.php?newsid=117881\">(Via RaiNews24<\/a>)<img loading=\"lazy\" decoding=\"async\" class=\"alignright\" title=\"migranti\" src=\"http:\/\/www.rainews24.it\/ran24\/immagini\/2009\/05\/migranti-italiani_280xFree.jpg\" alt=\"\" width=\"280\" height=\"265\" \/><\/p>\n<blockquote><p>Non amano l&#8217;acqua, molti di loro puzzano perch\u00e9 tengono lo stesso vestito per molte settimane. Si costruiscono baracche di legno ed alluminio nelle periferie delle citt\u00e0 dove vivono, vicini gli uni agli altri. Quando riescono ad avvicinarsi al centro affittano a caro prezzo appartamenti fatiscenti. Si presentano di solito in due e cercano una stanza con uso di cucina. Dopo pochi giorni diventano quattro, sei, dieci. Tra loro parlano lingue a noi incomprensibili, probabilmente antichi dialetti.<\/p>\n<p>Molti bambini vengono utilizzati per chiedere l&#8217;elemosina ma sovente davanti alle chiese donne vestite di scuro e uomini quasi sempre anziani invocano piet\u00e0, con toni lamentosi e petulanti. Fanno molti figli che faticano a mantenere e sono assai uniti tra di loro.<br \/>\nDicono che siano dediti al furto e, se ostacolati, violenti. Le nostre donne li evitano non solo perch\u00e9 poco attraenti e selvatici ma perch\u00e9 si \u00e8 diffusa la voce di alcuni stupri consumati dopo agguati in strade periferiche quando le donne tornano dal lavoro.<\/p>\n<p>I nostri governanti hanno aperto troppo gli ingressi alle frontiere ma, soprattutto, non hanno saputo selezionare tra coloro che entrano nel nostro paese per lavorare e quelli che pensano di vivere di espedienti o, addirittura, attivit\u00e0 criminali&#8221;.La relazione cos\u00ec prosegue: &#8220;Propongo che si privilegino i veneti e i lombardi, tardi di comprendonio e ignoranti ma disposti pi\u00f9 di altri a lavorare. Si adattano ad abitazioni che gli americani rifiutano pur che le famiglie rimangano unite e non contestano il salario. Gli altri, quelli ai quali \u00e8 riferita gran parte di questa prima relazione, provengono dal sud dell&#8217;Italia. Vi invito a controllare i documenti di provenienza e a rimpatriare i pi\u00f9. La nostra sicurezza deve essere la prima preoccupazione&#8221;.<\/p>\n<p>Il testo \u00e8 tratto da una relazione dell&#8217;Ispettorato per l&#8217;Immigrazione del Congresso americano sugli immigrati italiani negli Stati Uniti, Ottobre 1912<\/p><\/blockquote>\n","protected":false},"excerpt":{"rendered":"<p>Putroppo gli italiani di un certo tipo non ricordano la storia degli italiani nel mondo\u00a0 (Via RaiNews24) Non amano l&#8217;acqua, molti di loro puzzano perch\u00e9 tengono lo stesso vestito per molte settimane. Si costruiscono baracche di legno ed alluminio nelle periferie delle citt\u00e0 dove vivono, vicini gli uni agli altri. Quando riescono ad avvicinarsi al &#8230; <a title=\"Cos\u00ec migravano\" class=\"read-more\" href=\"https:\/\/www.pasteris.it\/blog\/2009\/05\/23\/cosi-migravano\/\" aria-label=\"Per saperne di pi\u00f9 su Cos\u00ec migravano\">Leggi tutto<\/a><\/p>\n","protected":false},"author":4,"featured_media":0,"comment_status":"open","ping_status":"open","sticky":false,"template":"","format":"standard","meta":{"footnotes":""},"categories":[1,32],"tags":[826,880,350],"class_list":["post-10741","post","type-post","status-publish","format-standard","hentry","category-politica","category-pensieri","tag-immigrazione","tag-lega","tag-usa"],"_links":{"self":[{"href":"https:\/\/www.pasteris.it\/blog\/wp-json\/wp\/v2\/posts\/10741","targetHints":{"allow":["GET"]}}],"collection":[{"href":"https:\/\/www.pasteris.it\/blog\/wp-json\/wp\/v2\/posts"}],"about":[{"href":"https:\/\/www.pasteris.it\/blog\/wp-json\/wp\/v2\/types\/post"}],"author":[{"embeddable":true,"href":"https:\/\/www.pasteris.it\/blog\/wp-json\/wp\/v2\/users\/4"}],"replies":[{"embeddable":true,"href":"https:\/\/www.pasteris.it\/blog\/wp-json\/wp\/v2\/comments?post=10741"}],"version-history":[{"count":1,"href":"https:\/\/www.pasteris.it\/blog\/wp-json\/wp\/v2\/posts\/10741\/revisions"}],"predecessor-version":[{"id":10742,"href":"https:\/\/www.pasteris.it\/blog\/wp-json\/wp\/v2\/posts\/10741\/revisions\/10742"}],"wp:attachment":[{"href":"https:\/\/www.pasteris.it\/blog\/wp-json\/wp\/v2\/media?parent=10741"}],"wp:term":[{"taxonomy":"category","embeddable":true,"href":"https:\/\/www.pasteris.it\/blog\/wp-json\/wp\/v2\/categories?post=10741"},{"taxonomy":"post_tag","embeddable":true,"href":"https:\/\/www.pasteris.it\/blog\/wp-json\/wp\/v2\/tags?post=10741"}],"curies":[{"name":"wp","href":"https:\/\/api.w.org\/{rel}","templated":true}]}}