{"id":10949,"date":"2009-05-29T10:00:18","date_gmt":"2009-05-29T09:00:18","guid":{"rendered":"http:\/\/www.pasteris.it\/blog\/?p=10949"},"modified":"2009-05-30T10:31:43","modified_gmt":"2009-05-30T09:31:43","slug":"il-fatto-giornalismo-di-fatto","status":"publish","type":"post","link":"https:\/\/www.pasteris.it\/blog\/2009\/05\/29\/il-fatto-giornalismo-di-fatto\/","title":{"rendered":"Il fatto: giornalismo di fatto"},"content":{"rendered":"<p><a href=\"http:\/\/voglioscendere.ilcannocchiale.it\/post\/2259969.html\">Il conto alla rovescia \u00e8 cominciato<\/a>. A settembre, finalmente, avremo un giornale nuovo, libero, tutto nostro\u201d: con queste parole &#8211; dal sito di Marco Travaglio &#8211; parte la campagna abbonamenti del Fatto, il nuovo quotidiano diretto da <a href=\"http:\/\/it.wikipedia.org\/wiki\/Antonio_Padellaro\">Antonio Padellaro<\/a> e che ha fra i suoi protagonisti lo stesso Travaglio.<\/p>\n<p>Molte le novit\u00e0 che la testata porta con s\u00e9: intanto non avr\u00e0 finanziamento pubblico ma cercher\u00e0 di stare sul mercato con le sue forze soltanto. \u201cUn giornale eccentrico, rispetto agli altri\u201d, si legge nella presentazione on line: \u201cUn fatto nuovo.<\/p>\n<p><!--more--><\/p>\n<p>Perch\u00e9?<br \/>\n1) Racconter\u00e0 i fatti, fin dalla sua testata. Dar\u00e0 la notizie, le analisi e i commenti che gli altri non danno, o nascondono. Parler\u00e0 dei temi che gli altri ignorano.<br \/>\n2) Non avr\u00e0 padroni: la societ\u00e0 editoriale \u00e8 composta da alcuni piccoli soci, compresi noi giornalisti, che partecipano con quote equivalenti a un progetto comune: un quotidiano fatto solo per i suoi lettori. Senza vincoli n\u00e9 sudditanze ai poteri forti, politici, finanziari e industriali, che usano i giornali per i loro interessi.<br \/>\n3) Non chieder\u00e0 n\u00e9 avr\u00e0 finanziamenti pubblici concessi da questo o quel partito\u201d. \u201cE nascer\u00e0 &#8211; viene precisato &#8211; solo se avr\u00e0 dei lettori interessati ad acquistarlo, e a leggerlo. Per questo vi chiediamo di abbonarvi subito\u201d.<\/p>\n<p>Il Fatto avr\u00e0 16 pagine, tutte a colori. Uscir\u00e0 sei giorni a settimana, tranne il luned\u00ec. Sar\u00e0 un giornale di carta e un giornale web. \u201cAvr\u00e0 &#8211; si legge &#8211; una redazione di giovani agguerriti. Si avvarr\u00e0 di un gruppo di firme, di inviati di punta e di autori satirici che hanno condiviso con noi la lunga battaglia contro il regime berlusconiano, senza sconti per un\u2019opposizione troppo spesso complice.<\/p>\n","protected":false},"excerpt":{"rendered":"<p>Il conto alla rovescia \u00e8 cominciato. A settembre, finalmente, avremo un giornale nuovo, libero, tutto nostro\u201d: con queste parole &#8211; dal sito di Marco Travaglio &#8211; parte la campagna abbonamenti del Fatto, il nuovo quotidiano diretto da Antonio Padellaro e che ha fra i suoi protagonisti lo stesso Travaglio. Molte le novit\u00e0 che la testata &#8230; <a title=\"Il fatto: giornalismo di fatto\" class=\"read-more\" href=\"https:\/\/www.pasteris.it\/blog\/2009\/05\/29\/il-fatto-giornalismo-di-fatto\/\" aria-label=\"Per saperne di pi\u00f9 su Il fatto: giornalismo di fatto\">Leggi tutto<\/a><\/p>\n","protected":false},"author":4,"featured_media":0,"comment_status":"open","ping_status":"open","sticky":false,"template":"","format":"standard","meta":{"footnotes":""},"categories":[11,30],"tags":[159,906],"class_list":["post-10949","post","type-post","status-publish","format-standard","hentry","category-diritti","category-media","tag-giornali","tag-il-fatto"],"_links":{"self":[{"href":"https:\/\/www.pasteris.it\/blog\/wp-json\/wp\/v2\/posts\/10949","targetHints":{"allow":["GET"]}}],"collection":[{"href":"https:\/\/www.pasteris.it\/blog\/wp-json\/wp\/v2\/posts"}],"about":[{"href":"https:\/\/www.pasteris.it\/blog\/wp-json\/wp\/v2\/types\/post"}],"author":[{"embeddable":true,"href":"https:\/\/www.pasteris.it\/blog\/wp-json\/wp\/v2\/users\/4"}],"replies":[{"embeddable":true,"href":"https:\/\/www.pasteris.it\/blog\/wp-json\/wp\/v2\/comments?post=10949"}],"version-history":[{"count":2,"href":"https:\/\/www.pasteris.it\/blog\/wp-json\/wp\/v2\/posts\/10949\/revisions"}],"predecessor-version":[{"id":10951,"href":"https:\/\/www.pasteris.it\/blog\/wp-json\/wp\/v2\/posts\/10949\/revisions\/10951"}],"wp:attachment":[{"href":"https:\/\/www.pasteris.it\/blog\/wp-json\/wp\/v2\/media?parent=10949"}],"wp:term":[{"taxonomy":"category","embeddable":true,"href":"https:\/\/www.pasteris.it\/blog\/wp-json\/wp\/v2\/categories?post=10949"},{"taxonomy":"post_tag","embeddable":true,"href":"https:\/\/www.pasteris.it\/blog\/wp-json\/wp\/v2\/tags?post=10949"}],"curies":[{"name":"wp","href":"https:\/\/api.w.org\/{rel}","templated":true}]}}