{"id":11011,"date":"2009-06-04T15:10:07","date_gmt":"2009-06-04T14:10:07","guid":{"rendered":"http:\/\/www.pasteris.it\/blog\/?p=11011"},"modified":"2009-06-04T15:13:04","modified_gmt":"2009-06-04T14:13:04","slug":"working-capital-a-torino-nel-luglio-2009","status":"publish","type":"post","link":"https:\/\/www.pasteris.it\/blog\/2009\/06\/04\/working-capital-a-torino-nel-luglio-2009\/","title":{"rendered":"Working Capital a Torino nel luglio 2009"},"content":{"rendered":"<p><img loading=\"lazy\" decoding=\"async\" class=\"alignright\" title=\"Working Capital\" src=\"http:\/\/www.workingcapital.telecomitalia.it\/images\/logo_wc.jpg\" alt=\"\" width=\"221\" height=\"63\" \/>Oramai, anche se ci sono ancora da definire dei particolari organizzativi, la notizia \u00e8 praticamente ufficiale. La professionalit\u00e0 sabauda, l&#8217;eccellenza del Poli, dell&#8217;Universit\u00e0 torinese e delle aziende dell&#8217;innovazione piemontese e l&#8217;insistenza pasteriana hanno convinto Telecom <a href=\"http:\/\/blog.workingcapital.telecomitalia.it\/torino\/\">a portare a Torino<\/a> la terza tappa del tour del <a href=\"http:\/\/blog.workingcapital.telecomitalia.it\">Working Capital Barcamp<\/a>.<\/p>\n<p><img loading=\"lazy\" decoding=\"async\" class=\"alignright\" title=\"working capital\" src=\"http:\/\/www.i3p.it\/files\/I3p_garland_logo.gif\" alt=\"\" width=\"157\" height=\"105\" \/>La data \u00e8 ancora da definire,\u00a0 nella settimana che inizia il 6 luglio. La sede \u00e8 gi\u00e0 definita presso l&#8217;<a href=\"http:\/\/www.i3p.it\/\">Incubatore del Politecnico di Torino I3P<\/a>, in via <a href=\"http:\/\/maps.google.it\/maps?f=q&amp;source=embed&amp;hl=it&amp;geocode=&amp;q=via+carlo+boggio+59,+torino&amp;sll=41.442726,12.392578&amp;sspn=20.136361,31.640625&amp;ie=UTF8&amp;layer=c&amp;cbll=45.065213,7.656644&amp;panoid=mGmFlmfhQDuLBUizjrUYPw&amp;cbp=12,91.19,,0,8.63&amp;ll=45.074672,7.659874&amp;spn=0.029821,0.068407&amp;z=14&amp;iwloc=A\">Piercarlo Boggio 59 a Torino, nella nuova cittadella Politecnica<\/a><\/p>\n<p>Working Capital: materia per le idee, \u00e8 un progetto di Telecom Italia per il rilancio dell\u2019innovazione Italiana.\u00a0 Working Capital vuole sviluppare idee imprenditoriali per il mondo web 2.0 e la nuova Internet.<\/p>\n<p>Telecom Italia ha anche deciso di organizzare un ciclo di cinque barcamp collegati al progetto Working Capital. L\u2019obiettivo \u00e8 discutere di innovazione e venire in contatto con progetti e iniziative imprenditoriali di cui Telecom possa diventare partner.<\/p>\n<p>Qui <strong><a href=\"http:\/\/blog.workingcapital.telecomitalia.it\/torino\/\">per iscriversi al Working Capital Barcamp di Torino<\/a><\/strong> e per informazioni sul\u00a0 programma dell&#8217;evento.<\/p>\n<p>Le ulteriori tappe successive saranno a settembre,\u00a0 a Pisa dove il barcamp sar\u00e0\u00a0 abbinato alla celebrazione del decennale della sede italiana del W3C.\u00a0 A ottobre la seconda tappa meridionale con un incontro a Napoli. Infine\u00a0 a novembre,\u00a0 a Milano presso la Bocconi.<\/p>\n","protected":false},"excerpt":{"rendered":"<p>Oramai, anche se ci sono ancora da definire dei particolari organizzativi, la notizia \u00e8 praticamente ufficiale. La professionalit\u00e0 sabauda, l&#8217;eccellenza del Poli, dell&#8217;Universit\u00e0 torinese e delle aziende dell&#8217;innovazione piemontese e l&#8217;insistenza pasteriana hanno convinto Telecom a portare a Torino la terza tappa del tour del Working Capital Barcamp. La data \u00e8 ancora da definire,\u00a0 nella &#8230; <a title=\"Working Capital a Torino nel luglio 2009\" class=\"read-more\" href=\"https:\/\/www.pasteris.it\/blog\/2009\/06\/04\/working-capital-a-torino-nel-luglio-2009\/\" aria-label=\"Per saperne di pi\u00f9 su Working Capital a Torino nel luglio 2009\">Leggi tutto<\/a><\/p>\n","protected":false},"author":4,"featured_media":0,"comment_status":"open","ping_status":"open","sticky":false,"template":"","format":"standard","meta":{"footnotes":""},"categories":[17,14,19],"tags":[2160,330,340,794],"class_list":["post-11011","post","type-post","status-publish","format-standard","hentry","category-economia","category-torino","category-tecnologia","tag-torino","tag-telecom-italia","tag-torino-valley","tag-working-capital"],"_links":{"self":[{"href":"https:\/\/www.pasteris.it\/blog\/wp-json\/wp\/v2\/posts\/11011","targetHints":{"allow":["GET"]}}],"collection":[{"href":"https:\/\/www.pasteris.it\/blog\/wp-json\/wp\/v2\/posts"}],"about":[{"href":"https:\/\/www.pasteris.it\/blog\/wp-json\/wp\/v2\/types\/post"}],"author":[{"embeddable":true,"href":"https:\/\/www.pasteris.it\/blog\/wp-json\/wp\/v2\/users\/4"}],"replies":[{"embeddable":true,"href":"https:\/\/www.pasteris.it\/blog\/wp-json\/wp\/v2\/comments?post=11011"}],"version-history":[{"count":3,"href":"https:\/\/www.pasteris.it\/blog\/wp-json\/wp\/v2\/posts\/11011\/revisions"}],"predecessor-version":[{"id":11013,"href":"https:\/\/www.pasteris.it\/blog\/wp-json\/wp\/v2\/posts\/11011\/revisions\/11013"}],"wp:attachment":[{"href":"https:\/\/www.pasteris.it\/blog\/wp-json\/wp\/v2\/media?parent=11011"}],"wp:term":[{"taxonomy":"category","embeddable":true,"href":"https:\/\/www.pasteris.it\/blog\/wp-json\/wp\/v2\/categories?post=11011"},{"taxonomy":"post_tag","embeddable":true,"href":"https:\/\/www.pasteris.it\/blog\/wp-json\/wp\/v2\/tags?post=11011"}],"curies":[{"name":"wp","href":"https:\/\/api.w.org\/{rel}","templated":true}]}}