{"id":11146,"date":"2009-06-11T00:53:44","date_gmt":"2009-06-10T23:53:44","guid":{"rendered":"http:\/\/www.pasteris.it\/blog\/?p=11146"},"modified":"2009-06-11T05:54:20","modified_gmt":"2009-06-11T04:54:20","slug":"la-crisi-delleditoria-vista-nel-concreto","status":"publish","type":"post","link":"https:\/\/www.pasteris.it\/blog\/2009\/06\/11\/la-crisi-delleditoria-vista-nel-concreto\/","title":{"rendered":"La crisi dell&#8217;editoria vista nel concreto"},"content":{"rendered":"<p><a href=\"http:\/\/www.dagospia.com\/rubrica-2\/media_e_tv\/articolo-6782\/1.htm\">Italia Oggi via Dagospia<\/a><\/p>\n<blockquote><p>Tira aria di crisi anche alla Stampa degli Agnelli. Il quotidiano diretto da Mario Calabresi si prepara infatti, secondo quanto risulta a ItaliaOggi, a chiedere lo stato di crisi dal prossimo settembre. Nel frattempo, il piano dell&#8217;editore \u00e8 avviare tra i giornalisti 17 pensionamenti per raggiunti limiti di et\u00e0, iniziando dal prossimo autunno fino all&#8217;agosto 2011, oltre ad altri 43 prepensionamenti. Le uscite sarebbero, in tutto, 60 su 228 redattori in organico. Nelle file dei poligrafici, invece, dovrebbero essere in 76 a lasciare, tra pensionamenti e prepensionamenti.<br \/>\n<!--more--><\/p>\n<p>Al momento non \u00e8 stato ancora definito un vero e proprio piano di riorganizzazione n\u00e9 tantomeno uno editoriale. La scelta del neodirettore Calabresi potrebbe avvicinarsi, per\u00f2, a quella gi\u00e0 tracciata dal suo predecessore, Giulio Anselmi, ora presidente dell&#8217;Ansa, che aveva puntato su un maggior presidio delle province.<\/p>\n<p>Proprio quelle redazioni che lo stesso Calabresi avrebbe dichiarato di non voler toccare, pur nell&#8217;ottica di un&#8217;intera rivisitazione del lavoro. A conferma dovrebbero restare aperte, secondo alcune indiscrezioni, le sedi distaccate di Roma e Milano, probabilmente per\u00f2 rivedendo il flusso delle notizie: il desk delle pagine capitoline e meneghine non sar\u00e0 pi\u00f9 fatto a Torino, ma direttamente nelle redazioni locali per facilitare l&#8217;ufficio centrale.<br \/>\nMontezemolo<\/p>\n<p>I giornalisti dovrebbe incontrare il direttore gioved\u00ec prossimo, il giorno prima di sedere al tavolo delle trattative con l&#8217;amministrazione della casa editrice. L&#8217;alternativa posta dall&#8217;editore a pensionamenti e prepensionamenti \u00e8 la cassa integrazione. Se la redazione dovesse accettare questo piano iniziale di prepensionamenti, anche la richiesta per lo stato di crisi dovrebbe seguire pi\u00f9 velocemente il suo iter.<\/p>\n<p>Poco pi\u00f9 di un paio di anni fa, comunque, La Stampa aveva gi\u00e0 richiesto lo stato di crisi e confezionato un piano di ristrutturazione. Oggi non si sa ancora quali saranno le redazioni al centro dalle partenze: di certo c&#8217;\u00e8 solo che il capo della redazione di Novara, Gianfranco Quaglia, dovrebbe lasciare prossimamente.<\/p><\/blockquote>\n","protected":false},"excerpt":{"rendered":"<p>Italia Oggi via Dagospia Tira aria di crisi anche alla Stampa degli Agnelli. Il quotidiano diretto da Mario Calabresi si prepara infatti, secondo quanto risulta a ItaliaOggi, a chiedere lo stato di crisi dal prossimo settembre. Nel frattempo, il piano dell&#8217;editore \u00e8 avviare tra i giornalisti 17 pensionamenti per raggiunti limiti di et\u00e0, iniziando dal &#8230; <a title=\"La crisi dell&#8217;editoria vista nel concreto\" class=\"read-more\" href=\"https:\/\/www.pasteris.it\/blog\/2009\/06\/11\/la-crisi-delleditoria-vista-nel-concreto\/\" aria-label=\"Per saperne di pi\u00f9 su La crisi dell&#8217;editoria vista nel concreto\">Leggi tutto<\/a><\/p>\n","protected":false},"author":4,"featured_media":0,"comment_status":"open","ping_status":"open","sticky":false,"template":"","format":"standard","meta":{"footnotes":""},"categories":[424],"tags":[905,920,159,193,2160],"class_list":["post-11146","post","type-post","status-publish","format-standard","hentry","category-personale","tag-editori","tag-gionalisti","tag-giornali","tag-lastampa","tag-torino"],"_links":{"self":[{"href":"https:\/\/www.pasteris.it\/blog\/wp-json\/wp\/v2\/posts\/11146","targetHints":{"allow":["GET"]}}],"collection":[{"href":"https:\/\/www.pasteris.it\/blog\/wp-json\/wp\/v2\/posts"}],"about":[{"href":"https:\/\/www.pasteris.it\/blog\/wp-json\/wp\/v2\/types\/post"}],"author":[{"embeddable":true,"href":"https:\/\/www.pasteris.it\/blog\/wp-json\/wp\/v2\/users\/4"}],"replies":[{"embeddable":true,"href":"https:\/\/www.pasteris.it\/blog\/wp-json\/wp\/v2\/comments?post=11146"}],"version-history":[{"count":6,"href":"https:\/\/www.pasteris.it\/blog\/wp-json\/wp\/v2\/posts\/11146\/revisions"}],"predecessor-version":[{"id":11183,"href":"https:\/\/www.pasteris.it\/blog\/wp-json\/wp\/v2\/posts\/11146\/revisions\/11183"}],"wp:attachment":[{"href":"https:\/\/www.pasteris.it\/blog\/wp-json\/wp\/v2\/media?parent=11146"}],"wp:term":[{"taxonomy":"category","embeddable":true,"href":"https:\/\/www.pasteris.it\/blog\/wp-json\/wp\/v2\/categories?post=11146"},{"taxonomy":"post_tag","embeddable":true,"href":"https:\/\/www.pasteris.it\/blog\/wp-json\/wp\/v2\/tags?post=11146"}],"curies":[{"name":"wp","href":"https:\/\/api.w.org\/{rel}","templated":true}]}}