{"id":11174,"date":"2009-06-10T17:51:55","date_gmt":"2009-06-10T16:51:55","guid":{"rendered":"http:\/\/www.pasteris.it\/blog\/?p=11174"},"modified":"2009-06-10T17:51:55","modified_gmt":"2009-06-10T16:51:55","slug":"i-primi-50-anni-del-primo-computer-italiano","status":"publish","type":"post","link":"https:\/\/www.pasteris.it\/blog\/2009\/06\/10\/i-primi-50-anni-del-primo-computer-italiano\/","title":{"rendered":"I primi 50 anni del primo computer italiano"},"content":{"rendered":"<blockquote><p><a href=\"http:\/\/www.lastampa.it\/_web\/cmstp\/tmplrubriche\/tecnologia\/grubrica.asp?ID_blog=30&amp;ID_articolo=6294&amp;ID_sezione=38&amp;sezione=News\">Via Lastampa.it<\/a><\/p>\n<p><img decoding=\"async\" src=\"http:\/\/www.lastampa.it\/cmstp\/rubriche\/admin\/immagine.asp?ID_blog=30&amp;ID_file=2831\" alt=\"\" hspace=\"3\" vspace=\"1\" align=\"right\" \/>Compie cinquant\u2019anni quella che fu il primo computer  interamente progettato e realizzato in Italia: la Cep, Calcolatrice elettronica  pisana. Un mix di valvole e transistor grande come un campo da tennis e alto  come un frigorifero, capace di fare 70mila addizioni al secondo grazie a una  memoria di 8k (l\u2019equivalente di un breve documento di testo), realizzata a mano  con piccoli anelli di ferrite. Lavorava 24 ore su 24, divorando chilometri di  nastri di carta, e per verificarne il funzionamento si doveva ricorrere a un  robusto martello.<\/p>\n<p><!--more--><\/p>\n<p>Per festeggiare lo storico compleanno, Consiglio  nazionale delle ricerche e Universit\u00e0 di Pisa organizzano l\u201911 e il 12 giugno  una sessione di dibattiti e convegni intitolata \u201cPisa, culla dell&#8217;Informatica:  mezzo secolo dopo la CEP e l&#8217;Olivetti di Barbaricina\u201d, che partir\u00e0 gioved\u00ec,  dalle 9 alle 18, nell\u2019Area della Ricerca Cnr di Pisa (via Moruzzi, 1). Il  secondo appuntamento \u00e8 per venerd\u00ec, dalle 9 alle 13, al Museo degli strumenti  per il calcolo (via Pisano, 25) dove la Cep \u00e8 esposta al pubblico. Sar\u00e0  l\u2019occasione per ascoltare dalla viva voce di alcuni dei protagonisti dell\u2019epoca  le testimonianze di quella straordinaria avventura e, al contempo, dibattere  sulle prospettive dell\u2019informatica del futuro. Ingresso libero previa iscrizione  sul sito <a class=\"linkblu\" href=\"http:\/\/www.cep.cnr.it\/\" target=\"_blank\">www.cep.cnr.it<\/a> dove \u00e8 anche disponibile il programma  dettagliato.<\/p><\/blockquote>\n","protected":false},"excerpt":{"rendered":"<p>Via Lastampa.it Compie cinquant\u2019anni quella che fu il primo computer interamente progettato e realizzato in Italia: la Cep, Calcolatrice elettronica pisana. Un mix di valvole e transistor grande come un campo da tennis e alto come un frigorifero, capace di fare 70mila addizioni al secondo grazie a una memoria di 8k (l\u2019equivalente di un breve &#8230; <a title=\"I primi 50 anni del primo computer italiano\" class=\"read-more\" href=\"https:\/\/www.pasteris.it\/blog\/2009\/06\/10\/i-primi-50-anni-del-primo-computer-italiano\/\" aria-label=\"Per saperne di pi\u00f9 su I primi 50 anni del primo computer italiano\">Leggi tutto<\/a><\/p>\n","protected":false},"author":4,"featured_media":0,"comment_status":"open","ping_status":"open","sticky":false,"template":"","format":"standard","meta":{"footnotes":""},"categories":[33,19],"tags":[2171,460],"class_list":["post-11174","post","type-post","status-publish","format-standard","hentry","category-computer","category-tecnologia","tag-computer","tag-retrocomputing"],"_links":{"self":[{"href":"https:\/\/www.pasteris.it\/blog\/wp-json\/wp\/v2\/posts\/11174","targetHints":{"allow":["GET"]}}],"collection":[{"href":"https:\/\/www.pasteris.it\/blog\/wp-json\/wp\/v2\/posts"}],"about":[{"href":"https:\/\/www.pasteris.it\/blog\/wp-json\/wp\/v2\/types\/post"}],"author":[{"embeddable":true,"href":"https:\/\/www.pasteris.it\/blog\/wp-json\/wp\/v2\/users\/4"}],"replies":[{"embeddable":true,"href":"https:\/\/www.pasteris.it\/blog\/wp-json\/wp\/v2\/comments?post=11174"}],"version-history":[{"count":2,"href":"https:\/\/www.pasteris.it\/blog\/wp-json\/wp\/v2\/posts\/11174\/revisions"}],"predecessor-version":[{"id":11176,"href":"https:\/\/www.pasteris.it\/blog\/wp-json\/wp\/v2\/posts\/11174\/revisions\/11176"}],"wp:attachment":[{"href":"https:\/\/www.pasteris.it\/blog\/wp-json\/wp\/v2\/media?parent=11174"}],"wp:term":[{"taxonomy":"category","embeddable":true,"href":"https:\/\/www.pasteris.it\/blog\/wp-json\/wp\/v2\/categories?post=11174"},{"taxonomy":"post_tag","embeddable":true,"href":"https:\/\/www.pasteris.it\/blog\/wp-json\/wp\/v2\/tags?post=11174"}],"curies":[{"name":"wp","href":"https:\/\/api.w.org\/{rel}","templated":true}]}}