{"id":11290,"date":"2009-06-18T13:30:01","date_gmt":"2009-06-18T12:30:01","guid":{"rendered":"http:\/\/www.pasteris.it\/blog\/?p=11290"},"modified":"2009-06-18T13:30:01","modified_gmt":"2009-06-18T12:30:01","slug":"festicciole","status":"publish","type":"post","link":"https:\/\/www.pasteris.it\/blog\/2009\/06\/18\/festicciole\/","title":{"rendered":"Festicciole"},"content":{"rendered":"<p><a href=\"http:\/\/www.elpais.com\/articulo\/internacional\/mujeres\/afirman\/haber\/cobrado\/ir\/fiestas\/Berlusconi\/elpepuint\/20090618elpepuint_12\/Tes\">Da El Pais al Corriere<\/a><\/p>\n<blockquote><p>Patrizia D&#8217;Addario, la profesional del sexo y <a href=\"http:\/\/www.elpais.com\/articulo\/internacional\/candidata\/Berlusconi\/afirma\/cobro\/ir\/fiestas\/casa\/elpepuint\/20090618elpepiint_8\/Tes\" target=\"blank\">candidata municipal de Bari que denunci\u00f3 el martes la situaci\u00f3n al <em>Corriere della Sera<\/em><\/a>, declar\u00f3 durante cinco horas ante el magistrado Pino Scelsi. La aspirante a concejal con la lista \u00abLa Puglia antes que nada\u00bb aport\u00f3 a los jueces media docena de grabaciones de audio y un v\u00eddeo realizado con su tel\u00e9fono m\u00f3vil. En las im\u00e1genes, dice el <em>Corriere<\/em>, se ve a D&#8217;Addario en un amplio dormitorio ante una foto enmarcada de Ver\u00f3nica Lario, la esposa de Berlusconi. En las cintas se escucha, seg\u00fan la mujer, la voz del Cavaliere.<\/p>\n<p>El empresario Giampaolo Tarantini, de 35 a\u00f1os, acusado por D&#8217;Addario de ser el mediador de las visitas, est\u00e1 siendo indagado por corrupci\u00f3n en el sector de la sanidad y adem\u00e1s por inducci\u00f3n a la prostituci\u00f3n. Tarantini, que ha declarado ya ante el juez, pactaba con las chicas las condiciones del traslado y coordinaba las fiestas con el personal del entorno de Berlusconi. D&#8217;Addario y las otras tres mujeres han confirmado a los fiscales que llegaban al palacio romano del jefe de Gobierno en un coche con los cristales tintados, y que deb\u00edan vestirse &#8220;de forma elegante y con poco maquillaje&#8221;.<\/p><\/blockquote>\n","protected":false},"excerpt":{"rendered":"<p>Da El Pais al Corriere Patrizia D&#8217;Addario, la profesional del sexo y candidata municipal de Bari que denunci\u00f3 el martes la situaci\u00f3n al Corriere della Sera, declar\u00f3 durante cinco horas ante el magistrado Pino Scelsi. La aspirante a concejal con la lista \u00abLa Puglia antes que nada\u00bb aport\u00f3 a los jueces media docena de grabaciones &#8230; <a title=\"Festicciole\" class=\"read-more\" href=\"https:\/\/www.pasteris.it\/blog\/2009\/06\/18\/festicciole\/\" aria-label=\"Per saperne di pi\u00f9 su Festicciole\">Leggi tutto<\/a><\/p>\n","protected":false},"author":4,"featured_media":0,"comment_status":"open","ping_status":"open","sticky":false,"template":"","format":"standard","meta":{"footnotes":""},"categories":[1,32],"tags":[69],"class_list":["post-11290","post","type-post","status-publish","format-standard","hentry","category-politica","category-pensieri","tag-berlusconi"],"_links":{"self":[{"href":"https:\/\/www.pasteris.it\/blog\/wp-json\/wp\/v2\/posts\/11290","targetHints":{"allow":["GET"]}}],"collection":[{"href":"https:\/\/www.pasteris.it\/blog\/wp-json\/wp\/v2\/posts"}],"about":[{"href":"https:\/\/www.pasteris.it\/blog\/wp-json\/wp\/v2\/types\/post"}],"author":[{"embeddable":true,"href":"https:\/\/www.pasteris.it\/blog\/wp-json\/wp\/v2\/users\/4"}],"replies":[{"embeddable":true,"href":"https:\/\/www.pasteris.it\/blog\/wp-json\/wp\/v2\/comments?post=11290"}],"version-history":[{"count":1,"href":"https:\/\/www.pasteris.it\/blog\/wp-json\/wp\/v2\/posts\/11290\/revisions"}],"predecessor-version":[{"id":11291,"href":"https:\/\/www.pasteris.it\/blog\/wp-json\/wp\/v2\/posts\/11290\/revisions\/11291"}],"wp:attachment":[{"href":"https:\/\/www.pasteris.it\/blog\/wp-json\/wp\/v2\/media?parent=11290"}],"wp:term":[{"taxonomy":"category","embeddable":true,"href":"https:\/\/www.pasteris.it\/blog\/wp-json\/wp\/v2\/categories?post=11290"},{"taxonomy":"post_tag","embeddable":true,"href":"https:\/\/www.pasteris.it\/blog\/wp-json\/wp\/v2\/tags?post=11290"}],"curies":[{"name":"wp","href":"https:\/\/api.w.org\/{rel}","templated":true}]}}