{"id":11381,"date":"2009-06-23T14:36:47","date_gmt":"2009-06-23T13:36:47","guid":{"rendered":"http:\/\/www.pasteris.it\/blog\/?p=11381"},"modified":"2009-06-23T17:15:41","modified_gmt":"2009-06-23T16:15:41","slug":"il-berluscane","status":"publish","type":"post","link":"https:\/\/www.pasteris.it\/blog\/2009\/06\/23\/il-berluscane\/","title":{"rendered":"Il berluscane"},"content":{"rendered":"<p><a href=\"http:\/\/www.ilmessaggero.it\/articolo.php?id=63183&amp;sez=LEALTRE\">Via il Messaggero<\/a><\/p>\n<blockquote><p><img loading=\"lazy\" decoding=\"async\" class=\"alignright\" title=\"berluscane\" src=\"http:\/\/www.ilmessaggero.it\/MsgrNews\/HIGH\/20090623_c1_attentialcane01.jpg\" alt=\"\" width=\"249\" height=\"185\" \/>\u00c8 un vecchio cane lupo ma ancora vigoroso e per questo \u00e8 stato battezzato &#8220;Berluscane&#8221; dal suo proprietario, Imerio Mariotto di Verona, noto in citt\u00e0 per la sua eccentricit\u00e0. Una circostanza poco gradita da qualche vicino di casa che ha informato della cosa i vigili urbani, ai quali non \u00e8 rimasto che fare una contravvenzione a Mariotto, proprietario di altri tre cani, di cui uno battezzato &#8220;Noemi&#8221;, perch\u00e9 sul cancello manca il cartello &#8220;Attenti al cane&#8221;. Per la verit\u00e0 il cartello c&#8217;\u00e8, ma \u00e8 stato storpiato in &#8220;Attenti al Berluscane&#8221;.<\/p>\n<p>La vicenda, di cui riferisce oggi L&#8217;Arena, non si \u00e8 fermata alla sola sanzione di 55,60 euro, perch\u00e9 Mariotto, assistito dal suo legale, l&#8217;avvocato Guariente Guarienti, ha deciso di presentare ricorso al giudice di pace, motivando la scelta del cartello e del nome.<\/p>\n<p>Nella memoria difensiva, Mariotto sostiene che Berluscane \u00e8 stato chiamato cos\u00ec per una &#8220;vivacit\u00e0 amorosa inversamente proporzionale all&#8217;et\u00e0&#8221;, ma in realta \u00e8 un animale tranquillo, che &#8220;i cani femmina che si presentassero al cancello, soprattutto se cagnette giovani e ambiziose&#8221;, potrebbero avvicinare senza timore di avance. Questo perch\u00e9 &#8220;a differenza degli esseri umani, sempre teoricamente disponibili, cagne e cagnette, per suscitare interesse, devono essere in calore&#8221;.<\/p><\/blockquote>\n","protected":false},"excerpt":{"rendered":"<p>Via il Messaggero \u00c8 un vecchio cane lupo ma ancora vigoroso e per questo \u00e8 stato battezzato &#8220;Berluscane&#8221; dal suo proprietario, Imerio Mariotto di Verona, noto in citt\u00e0 per la sua eccentricit\u00e0. Una circostanza poco gradita da qualche vicino di casa che ha informato della cosa i vigili urbani, ai quali non \u00e8 rimasto che &#8230; <a title=\"Il berluscane\" class=\"read-more\" href=\"https:\/\/www.pasteris.it\/blog\/2009\/06\/23\/il-berluscane\/\" aria-label=\"Per saperne di pi\u00f9 su Il berluscane\">Leggi tutto<\/a><\/p>\n","protected":false},"author":4,"featured_media":0,"comment_status":"open","ping_status":"open","sticky":false,"template":"","format":"standard","meta":{"footnotes":""},"categories":[29,1],"tags":[722,69,2167],"class_list":["post-11381","post","type-post","status-publish","format-standard","hentry","category-ironia","category-politica","tag-animali","tag-berlusconi","tag-ironia"],"_links":{"self":[{"href":"https:\/\/www.pasteris.it\/blog\/wp-json\/wp\/v2\/posts\/11381","targetHints":{"allow":["GET"]}}],"collection":[{"href":"https:\/\/www.pasteris.it\/blog\/wp-json\/wp\/v2\/posts"}],"about":[{"href":"https:\/\/www.pasteris.it\/blog\/wp-json\/wp\/v2\/types\/post"}],"author":[{"embeddable":true,"href":"https:\/\/www.pasteris.it\/blog\/wp-json\/wp\/v2\/users\/4"}],"replies":[{"embeddable":true,"href":"https:\/\/www.pasteris.it\/blog\/wp-json\/wp\/v2\/comments?post=11381"}],"version-history":[{"count":3,"href":"https:\/\/www.pasteris.it\/blog\/wp-json\/wp\/v2\/posts\/11381\/revisions"}],"predecessor-version":[{"id":11384,"href":"https:\/\/www.pasteris.it\/blog\/wp-json\/wp\/v2\/posts\/11381\/revisions\/11384"}],"wp:attachment":[{"href":"https:\/\/www.pasteris.it\/blog\/wp-json\/wp\/v2\/media?parent=11381"}],"wp:term":[{"taxonomy":"category","embeddable":true,"href":"https:\/\/www.pasteris.it\/blog\/wp-json\/wp\/v2\/categories?post=11381"},{"taxonomy":"post_tag","embeddable":true,"href":"https:\/\/www.pasteris.it\/blog\/wp-json\/wp\/v2\/tags?post=11381"}],"curies":[{"name":"wp","href":"https:\/\/api.w.org\/{rel}","templated":true}]}}