{"id":11414,"date":"2009-06-25T01:57:59","date_gmt":"2009-06-25T00:57:59","guid":{"rendered":"http:\/\/www.pasteris.it\/blog\/?p=11414"},"modified":"2009-06-25T02:44:10","modified_gmt":"2009-06-25T01:44:10","slug":"uesto-logo-ci-salvera","status":"publish","type":"post","link":"https:\/\/www.pasteris.it\/blog\/2009\/06\/25\/uesto-logo-ci-salvera\/","title":{"rendered":"Questo logo ci salver\u00e0 ?"},"content":{"rendered":"<p><a href=\"http:\/\/www.corriere.it\/politica\/09_giugno_24\/logo_italia_brambilla_turismo_71e6e710-60e7-11de-9ec2-00144f02aabc.shtml\">Via Corriere<\/a><\/p>\n<blockquote><p><img loading=\"lazy\" decoding=\"async\" class=\"alignright\" title=\"italia logo\" src=\"http:\/\/www.corriere.it\/Media\/Foto\/2009\/06\/24\/LOGO--180x140.JPG\" alt=\"\" width=\"180\" height=\"140\" \/>La parola &#8220;Italia&#8221; accompagnata graficamente da una specie di onda tricolore: \u00e8 il nuovo logo presentato a Palazzo Chigi dal ministro del Turismo, Michela Vittoria Brambilla, durante una conferenza stampa alla quale ha partecipato anche il premier, Silvio Berlusconi. Per promuovere il turismo, ha affermato il ministro, \u00absiamo partiti dalla creazione di un nuovo logo Italia\u00bb, visto che \u00abl&#8217;immagine dell&#8217;Italia era appannata\u00bb \u00abe \u00abmancava di un profilo definito\u00bb, mentre il turismo rappresenta una \u00abgrande opportunit\u00e0, soprattutto occupazionale\u00bb. \u00abPer la sua ideazione &#8211; ha detto ancora la Brambilla &#8211; ci siamo orientati su due concetti forti: l&#8217;eccellenza del Made in Italy, arte, moda e design, e l&#8217;essenza del Made in Italy, natura, sapori, bellezza\u00bb. Quindi, ha spiegato il ministro del Turismo, \u00ababbiamo scelto ordine e rigore, unito per\u00f2 alla leggerezza e alla musicalit\u00e0 del nostro paese, a quella morbidezza e sinuosit\u00e0 che rendono duplice e di difficile sintesi ma anche unico il nostro stile di vita\u00bb. All&#8217;estero, lo slogan sar\u00e0 invece &#8220;Magic Italy&#8221;. Oltre al logo, il ministro ha annunciato che a met\u00e0 luglio il portale italiano per il turismo andr\u00e0 on line in versione promozionale, a breve seguita dalla definitiva.<\/p><\/blockquote>\n","protected":false},"excerpt":{"rendered":"<p>Via Corriere La parola &#8220;Italia&#8221; accompagnata graficamente da una specie di onda tricolore: \u00e8 il nuovo logo presentato a Palazzo Chigi dal ministro del Turismo, Michela Vittoria Brambilla, durante una conferenza stampa alla quale ha partecipato anche il premier, Silvio Berlusconi. Per promuovere il turismo, ha affermato il ministro, \u00absiamo partiti dalla creazione di un &#8230; <a title=\"Questo logo ci salver\u00e0 ?\" class=\"read-more\" href=\"https:\/\/www.pasteris.it\/blog\/2009\/06\/25\/uesto-logo-ci-salvera\/\" aria-label=\"Per saperne di pi\u00f9 su Questo logo ci salver\u00e0 ?\">Leggi tutto<\/a><\/p>\n","protected":false},"author":4,"featured_media":0,"comment_status":"open","ping_status":"open","sticky":false,"template":"","format":"standard","meta":{"footnotes":""},"categories":[17,1],"tags":[61,941],"class_list":["post-11414","post","type-post","status-publish","format-standard","hentry","category-economia","category-politica","tag-italia","tag-turismo"],"_links":{"self":[{"href":"https:\/\/www.pasteris.it\/blog\/wp-json\/wp\/v2\/posts\/11414","targetHints":{"allow":["GET"]}}],"collection":[{"href":"https:\/\/www.pasteris.it\/blog\/wp-json\/wp\/v2\/posts"}],"about":[{"href":"https:\/\/www.pasteris.it\/blog\/wp-json\/wp\/v2\/types\/post"}],"author":[{"embeddable":true,"href":"https:\/\/www.pasteris.it\/blog\/wp-json\/wp\/v2\/users\/4"}],"replies":[{"embeddable":true,"href":"https:\/\/www.pasteris.it\/blog\/wp-json\/wp\/v2\/comments?post=11414"}],"version-history":[{"count":3,"href":"https:\/\/www.pasteris.it\/blog\/wp-json\/wp\/v2\/posts\/11414\/revisions"}],"predecessor-version":[{"id":11416,"href":"https:\/\/www.pasteris.it\/blog\/wp-json\/wp\/v2\/posts\/11414\/revisions\/11416"}],"wp:attachment":[{"href":"https:\/\/www.pasteris.it\/blog\/wp-json\/wp\/v2\/media?parent=11414"}],"wp:term":[{"taxonomy":"category","embeddable":true,"href":"https:\/\/www.pasteris.it\/blog\/wp-json\/wp\/v2\/categories?post=11414"},{"taxonomy":"post_tag","embeddable":true,"href":"https:\/\/www.pasteris.it\/blog\/wp-json\/wp\/v2\/tags?post=11414"}],"curies":[{"name":"wp","href":"https:\/\/api.w.org\/{rel}","templated":true}]}}