{"id":11438,"date":"2009-06-25T14:07:40","date_gmt":"2009-06-25T13:07:40","guid":{"rendered":"http:\/\/www.pasteris.it\/blog\/?p=11438"},"modified":"2009-06-29T10:26:45","modified_gmt":"2009-06-29T09:26:45","slug":"memoro-goes-to-usa","status":"publish","type":"post","link":"https:\/\/www.pasteris.it\/blog\/2009\/06\/25\/memoro-goes-to-usa\/","title":{"rendered":"Memoro goes to USA"},"content":{"rendered":"<p><a href=\"http:\/\/www.memoro.org\/\"><img loading=\"lazy\" decoding=\"async\" class=\"alignright\" title=\"memoro\" src=\"http:\/\/www.memoro.org\/images\/banner_.gif\" alt=\"\" width=\"264\" height=\"57\" \/>Memoro<\/a>, l&#8217;avventura di un gruppo di torinesi che ha deciso di lanciare <a href=\"http:\/\/www.bancadellamemoria.it\/\">un progetto no profit dedicato alla raccolta di testimonianze<\/a>, al flusso libero di ricordi, emozioni e storie di una parte precisa della societ\u00e0: la terza et\u00e0. Il sito, inaugurato il 15 giugno 2008, si pone come uno spazio di raccolta e fruizione di contenuti audio-video. Un contenitore di vita e di vite, espresse per la prima volta in\u00a0 assoluto sotto forma di brevi racconti, da un minimo di 3 minuti ad un massimo di 8\u00a0 minuti.<\/p>\n<p>Quest&#8217;anno i giovani torinesi di Memoro passeranno le vacanze negli Stati Uniti. Il viaggio intende ripercorrere il successo ottenuto dall\u2019iniziativa svoltasi in Italia nell\u2019agosto 2008 quando, toccando 30 citt\u00e0 in 30 giorni, da Nord a Sud, abbiamo provato a raccontare l\u2019Italia attraverso le memorie dei suoi abitanti.<\/p>\n<p><!--more--><\/p>\n<p>Come allora, l\u2019intenzione \u00e8 quella di un viaggio in costante movimento, al fine di raccogliere, classificare e diffondere tramite il web, le esperienze di vita e i ricordi delle persone nate prima del 1940. Da un lato raccogliere le memorie degli italiani emigrati negli USA e insieme\u00a0 raccogliere le memorie del popolo americano<\/p>\n<p>Il programma della prima parte del viaggio prevede una parte della costa East: 15 giorni da Boston a Washington a caccia di ricordi Verranno contattate le Amministrazioni Locali, le Universit\u00e0, i Centri Anziani delle citt\u00e0 visitate, lasciando tempo e spazio per chi ci contatter\u00e0 per realizzare un intervista a per farci intervistare un nonno o una persona cara.<\/p>\n<p>UPDATE: <a href=\"http:\/\/bancadellamemoria.wordpress.com\/\">il blog di Memoro<\/a><\/p>\n","protected":false},"excerpt":{"rendered":"<p>Memoro, l&#8217;avventura di un gruppo di torinesi che ha deciso di lanciare un progetto no profit dedicato alla raccolta di testimonianze, al flusso libero di ricordi, emozioni e storie di una parte precisa della societ\u00e0: la terza et\u00e0. Il sito, inaugurato il 15 giugno 2008, si pone come uno spazio di raccolta e fruizione di &#8230; <a title=\"Memoro goes to USA\" class=\"read-more\" href=\"https:\/\/www.pasteris.it\/blog\/2009\/06\/25\/memoro-goes-to-usa\/\" aria-label=\"Per saperne di pi\u00f9 su Memoro goes to USA\">Leggi tutto<\/a><\/p>\n","protected":false},"author":4,"featured_media":0,"comment_status":"open","ping_status":"open","sticky":false,"template":"","format":"standard","meta":{"footnotes":""},"categories":[424],"tags":[544,946,340,350],"class_list":["post-11438","post","type-post","status-publish","format-standard","hentry","category-personale","tag-memoria","tag-memoro","tag-torino-valley","tag-usa"],"_links":{"self":[{"href":"https:\/\/www.pasteris.it\/blog\/wp-json\/wp\/v2\/posts\/11438","targetHints":{"allow":["GET"]}}],"collection":[{"href":"https:\/\/www.pasteris.it\/blog\/wp-json\/wp\/v2\/posts"}],"about":[{"href":"https:\/\/www.pasteris.it\/blog\/wp-json\/wp\/v2\/types\/post"}],"author":[{"embeddable":true,"href":"https:\/\/www.pasteris.it\/blog\/wp-json\/wp\/v2\/users\/4"}],"replies":[{"embeddable":true,"href":"https:\/\/www.pasteris.it\/blog\/wp-json\/wp\/v2\/comments?post=11438"}],"version-history":[{"count":5,"href":"https:\/\/www.pasteris.it\/blog\/wp-json\/wp\/v2\/posts\/11438\/revisions"}],"predecessor-version":[{"id":11449,"href":"https:\/\/www.pasteris.it\/blog\/wp-json\/wp\/v2\/posts\/11438\/revisions\/11449"}],"wp:attachment":[{"href":"https:\/\/www.pasteris.it\/blog\/wp-json\/wp\/v2\/media?parent=11438"}],"wp:term":[{"taxonomy":"category","embeddable":true,"href":"https:\/\/www.pasteris.it\/blog\/wp-json\/wp\/v2\/categories?post=11438"},{"taxonomy":"post_tag","embeddable":true,"href":"https:\/\/www.pasteris.it\/blog\/wp-json\/wp\/v2\/tags?post=11438"}],"curies":[{"name":"wp","href":"https:\/\/api.w.org\/{rel}","templated":true}]}}