{"id":115,"date":"2003-11-19T19:39:59","date_gmt":"2003-11-19T17:39:59","guid":{"rendered":"http:\/\/www.pasteris.it\/blog\/?p=115"},"modified":"2008-12-30T19:21:59","modified_gmt":"2008-12-30T18:21:59","slug":"il-temp","status":"publish","type":"post","link":"https:\/\/www.pasteris.it\/blog\/2003\/11\/19\/il-temp\/","title":{"rendered":"Il tempo"},"content":{"rendered":"<p>L&#8217;uomo moderno pensa di perder tempo quando non fa le cose in fretta. Tuttavia non sa poi cosa fare del tempo risparmiato se non ammazzandolo.<br \/>\nAmmazzare il tempo \u00e8 un&#8217;espressione forte che esiste anche nelle altre lingue (to kill time, tuer le temps, ad esempio) e riflette spesso il paradosso segnalato dallo psicanalista tedesco Erich Fromm (1900-1980) nella sua opera pi\u00f9 fortunata, L&#8217;arte di amare, da cui abbiamo tratto l&#8217;odierna citazione. Da un lato, infatti, il grande comandamento \u00e8 quello di non perder tempo, di agire con celerit\u00e0 di non lasciare tregua a se stessi finch\u00e8 non si sono raggiunte le mete prefissate, ignorando tutto il resto, &#8220;drogando&#8221; i ritmi stessi del corpo. Il tempo \u00e8 denaro! , ci si ripete fin da quando eravamo bambini.<br \/>\nD&#8217;altro lato, per\u00f2, quando si \u00e8 finalmente giunti ad avere tempo libero e disponibile, non si sa pi\u00f9 che cosa farne, \u00e8 come un giocattolo inutile e allora ecco entrare in scena la frase citata: ci si rassegna ad &#8220;ammazzare il tempo&#8221;, a tirar sera, ad aspettare di ritornare ad agitarsi. La ragione ultima di questa contraddizione sta proprio nell&#8217;incapacit\u00e0 di vivere il tempo, senza esserne o esterni o schiavi. Equilibrare le scansioni, ritrovare &#8220;tempi e momenti&#8221; per ogni azione, come diceva il Qohelet biblico, essere capaci di agire e di riflettere, di lavorare e di coltivare interessi pi\u00f9 liberi e creativi, vivere i giorni feriali e godere quelli festivi, immergersi nelle cose e ritrovare se stessi nella preghiera e nel silenzio: \u00e8 questa la difficile arte di vivere il tempo. Mi \u00e8 sempre piaciuta una battuta del famoso romanzo Gargantua e Pantagruel di Rabelais che, riscrivendo il detto di Ges\u00f9 sul sabato, affermava: Le ore sono fatte per l&#8217;uomo e non l&#8217;uomo per le ore.<br \/>\nGianfranco Ravasi <\/p>\n","protected":false},"excerpt":{"rendered":"<p>L&#8217;uomo moderno pensa di perder tempo quando non fa le cose in fretta. Tuttavia non sa poi cosa fare del tempo risparmiato se non ammazzandolo. Ammazzare il tempo \u00e8 un&#8217;espressione forte che esiste anche nelle altre lingue (to kill time, tuer le temps, ad esempio) e riflette spesso il paradosso segnalato dallo psicanalista tedesco Erich &#8230; <a title=\"Il tempo\" class=\"read-more\" href=\"https:\/\/www.pasteris.it\/blog\/2003\/11\/19\/il-temp\/\" aria-label=\"Per saperne di pi\u00f9 su Il tempo\">Leggi tutto<\/a><\/p>\n","protected":false},"author":4,"featured_media":0,"comment_status":"open","ping_status":"open","sticky":false,"template":"","format":"standard","meta":{"footnotes":""},"categories":[32],"tags":[26],"class_list":["post-115","post","type-post","status-publish","format-standard","hentry","category-pensieri","tag-vittorio"],"_links":{"self":[{"href":"https:\/\/www.pasteris.it\/blog\/wp-json\/wp\/v2\/posts\/115","targetHints":{"allow":["GET"]}}],"collection":[{"href":"https:\/\/www.pasteris.it\/blog\/wp-json\/wp\/v2\/posts"}],"about":[{"href":"https:\/\/www.pasteris.it\/blog\/wp-json\/wp\/v2\/types\/post"}],"author":[{"embeddable":true,"href":"https:\/\/www.pasteris.it\/blog\/wp-json\/wp\/v2\/users\/4"}],"replies":[{"embeddable":true,"href":"https:\/\/www.pasteris.it\/blog\/wp-json\/wp\/v2\/comments?post=115"}],"version-history":[{"count":2,"href":"https:\/\/www.pasteris.it\/blog\/wp-json\/wp\/v2\/posts\/115\/revisions"}],"predecessor-version":[{"id":7529,"href":"https:\/\/www.pasteris.it\/blog\/wp-json\/wp\/v2\/posts\/115\/revisions\/7529"}],"wp:attachment":[{"href":"https:\/\/www.pasteris.it\/blog\/wp-json\/wp\/v2\/media?parent=115"}],"wp:term":[{"taxonomy":"category","embeddable":true,"href":"https:\/\/www.pasteris.it\/blog\/wp-json\/wp\/v2\/categories?post=115"},{"taxonomy":"post_tag","embeddable":true,"href":"https:\/\/www.pasteris.it\/blog\/wp-json\/wp\/v2\/tags?post=115"}],"curies":[{"name":"wp","href":"https:\/\/api.w.org\/{rel}","templated":true}]}}