{"id":11520,"date":"2009-06-29T11:51:28","date_gmt":"2009-06-29T10:51:28","guid":{"rendered":"http:\/\/www.pasteris.it\/blog\/?p=11520"},"modified":"2009-07-02T16:05:58","modified_gmt":"2009-07-02T15:05:58","slug":"signor-presidente-la-ricerca-in-questo-paese-e-ammalata","status":"publish","type":"post","link":"https:\/\/www.pasteris.it\/blog\/2009\/06\/29\/signor-presidente-la-ricerca-in-questo-paese-e-ammalata\/","title":{"rendered":"Signor presidente, la ricerca in questo Paese \u00e8 ammalata"},"content":{"rendered":"<p><a href=\"http:\/\/www.corriere.it\/cronache\/09_giugno_29\/ricerca_clementi_e10bae7e-646a-11de-91da-00144f02aabc.shtml\">Via Corriere.it<\/a><\/p>\n<blockquote><p><img loading=\"lazy\" decoding=\"async\" class=\"alignright\" title=\"Rita Clementi\" src=\"http:\/\/www.corriere.it\/Media\/Foto\/2009\/06\/29\/rita_clem--140x180.jpg\" alt=\"\" width=\"140\" height=\"180\" \/><\/p><\/blockquote>\n<blockquote><p>Una laurea in Medicina, due spe\u00adcializzazioni, anni di contratti a termine: borse di studio, co.co.co, consulenze, contratti a progetto, l\u2019ultimo presso l\u2019Istituto di geneti\u00adca dell\u2019Universit\u00e0 di Pavia. Rita Cle\u00admenti, 47 anni, la ricercatrice che ha scoperto l\u2019origi\u00adne genetica di alcune forme di lin\u00adfoma maligno, in questa lettera in\u00addirizzata al presidente della Re\u00adpubblica Napolitano racconta la sofferta decisione di lasciare l\u2019Ita\u00adlia. Da mercoled\u00ec 1?luglio lavorer\u00e0 come ricercatrice in un importan\u00adte centro medico di Boston.<\/p>\n<p>Caro presidente Napolitano, chi le scrive \u00e8 una non pi\u00f9 giovane ricercatrice precaria che ha deciso di andarsene dal suo Paese portando con s\u00e9 tre figli nella speranza che un\u2019altra nazione possa garantire loro una vita migliore di quanto lo Stato italiano abbia garantito al\u00adla loro madre. Vado via con rab\u00adbia, con la sensazione che la mia abnegazione e la mia dedi\u00adzione non siano servite a nulla. Vado via con l\u2019intento di chie\u00addere la cittadinanza dello Stato che vorr\u00e0 ospitarmi, rinuncian\u00addo ad essere italiana.<\/p>\n<p><!--more--><\/p><\/blockquote>\n<blockquote><p>Signor presidente, la ricerca in questo Paese \u00e8 ammalata. La cronaca parla chiaro, ma oltre alla cronaca ci sono tantissime realt\u00e0 che non vengono denun\u00adciate per paura di ritorsione perch\u00e9, spesso, chi fa ricerca da precario, se denuncia \u00e8 auto\u00admaticamente espulso dal \u00absiste\u00adma \u00bb indipendentemente dai ri\u00adsultati ottenuti. Chi fa ricerca da precario non pu\u00f2 \u00absolo\u00bb contare sui risultati che ottie\u00adne, poich\u00e9 in Italia la benevo\u00adlenza dei propri referenti \u00e8 una variabile indipendente dalla qualit\u00e0 del lavoro. Chi fa ricer\u00adca da precario deve fare i conti con il rinnovo della borsa o del contratto che gli consentir\u00e0 di mantenersi senza pesare sulla propria famiglia. Non pu\u00f2 per\u00admettersi ricorsi costosi e che molto spesso finiscono nel nul\u00adla. E poi, perch\u00e9 dovrebbe adi\u00adre le vie legali se docenti dichia\u00adrati colpevoli sino all\u2019ultimo grado di giudizio per aver con\u00addotto concorsi universitari vio\u00adlando le norme non sono mai stati rimossi e hanno continua\u00adto a essere eletti (dai loro colle\u00adghi!) commissari in nuovi con\u00adcorsi?<\/p><\/blockquote>\n","protected":false},"excerpt":{"rendered":"<p>Via Corriere.it Una laurea in Medicina, due spe\u00adcializzazioni, anni di contratti a termine: borse di studio, co.co.co, consulenze, contratti a progetto, l\u2019ultimo presso l\u2019Istituto di geneti\u00adca dell\u2019Universit\u00e0 di Pavia. Rita Cle\u00admenti, 47 anni, la ricercatrice che ha scoperto l\u2019origi\u00adne genetica di alcune forme di lin\u00adfoma maligno, in questa lettera in\u00addirizzata al presidente della Re\u00adpubblica Napolitano &#8230; <a title=\"Signor presidente, la ricerca in questo Paese \u00e8 ammalata\" class=\"read-more\" href=\"https:\/\/www.pasteris.it\/blog\/2009\/06\/29\/signor-presidente-la-ricerca-in-questo-paese-e-ammalata\/\" aria-label=\"Per saperne di pi\u00f9 su Signor presidente, la ricerca in questo Paese \u00e8 ammalata\">Leggi tutto<\/a><\/p>\n","protected":false},"author":4,"featured_media":0,"comment_status":"open","ping_status":"open","sticky":false,"template":"","format":"standard","meta":{"footnotes":""},"categories":[17,1,18,19],"tags":[379,2162,178,547,286],"class_list":["post-11520","post","type-post","status-publish","format-standard","hentry","category-economia","category-politica","category-scienza","category-tecnologia","tag-crisi","tag-economia","tag-innovazione","tag-napolitano","tag-ricerca"],"_links":{"self":[{"href":"https:\/\/www.pasteris.it\/blog\/wp-json\/wp\/v2\/posts\/11520","targetHints":{"allow":["GET"]}}],"collection":[{"href":"https:\/\/www.pasteris.it\/blog\/wp-json\/wp\/v2\/posts"}],"about":[{"href":"https:\/\/www.pasteris.it\/blog\/wp-json\/wp\/v2\/types\/post"}],"author":[{"embeddable":true,"href":"https:\/\/www.pasteris.it\/blog\/wp-json\/wp\/v2\/users\/4"}],"replies":[{"embeddable":true,"href":"https:\/\/www.pasteris.it\/blog\/wp-json\/wp\/v2\/comments?post=11520"}],"version-history":[{"count":3,"href":"https:\/\/www.pasteris.it\/blog\/wp-json\/wp\/v2\/posts\/11520\/revisions"}],"predecessor-version":[{"id":11522,"href":"https:\/\/www.pasteris.it\/blog\/wp-json\/wp\/v2\/posts\/11520\/revisions\/11522"}],"wp:attachment":[{"href":"https:\/\/www.pasteris.it\/blog\/wp-json\/wp\/v2\/media?parent=11520"}],"wp:term":[{"taxonomy":"category","embeddable":true,"href":"https:\/\/www.pasteris.it\/blog\/wp-json\/wp\/v2\/categories?post=11520"},{"taxonomy":"post_tag","embeddable":true,"href":"https:\/\/www.pasteris.it\/blog\/wp-json\/wp\/v2\/tags?post=11520"}],"curies":[{"name":"wp","href":"https:\/\/api.w.org\/{rel}","templated":true}]}}