{"id":11623,"date":"2009-07-02T16:05:12","date_gmt":"2009-07-02T15:05:12","guid":{"rendered":"http:\/\/www.pasteris.it\/blog\/?p=11623"},"modified":"2009-07-02T16:05:12","modified_gmt":"2009-07-02T15:05:12","slug":"rita-clementi-e-volata-a-boston","status":"publish","type":"post","link":"https:\/\/www.pasteris.it\/blog\/2009\/07\/02\/rita-clementi-e-volata-a-boston\/","title":{"rendered":"Rita Clementi \u00e8 volata a Boston"},"content":{"rendered":"<p><a href=\"http:\/\/www.corriere.it\/cronache\/09_luglio_01\/ricercatrice_usa_lettera_napolitano_nino_luca_8b3e4300-6661-11de-8bcb-00144f02aabc.shtml\">Via Corriere.it<\/a><\/p>\n<blockquote><p>\u00c8 stata di parola. Rita Clementi \u00e8 volata a Boston. Da gioved\u00ec lavorer\u00e0 in un importan\u00adte centro medico. Ha lasciato l&#8217;Italia, cos\u00ec come aveva promesso, la ricercatrice precaria di Pavia <a href=\"http:\/\/www.pasteris.it\/blog\/2009\/06\/29\/signor-presidente-la-ricerca-in-questo-paese-e-ammalata\/\">che ha scritto al Presidente della Repubblica Giorgio Napolitano<\/a> per denunciare lo stato comatoso della ricerca nel nostro Paese e per raccontare la decisione di abbandonare l&#8217;Italia. Non \u00e8 bastata a fermarla neanche un&#8217;offerta giunta all\u2019ultimo minuto da un prestigioso centro di ricerca di Padova. Troppo tardi: \u00abHo dato la mia parola agli americani. Ora vediamo cosa succede. Non escludo un ritorno. Non \u00e8 detto poi che non si possa collaborare tra Boston e Padova. D\u2019altronde ricerca vuol dire collaborazione\u00bb. Cos\u00ec, tirandosi dietro il suo trolley, dopo un ultimo bacio al marito e ai tre figli, la scopritrice dell&#8217;origi\u00adne genetica di alcune forme di lin\u00adfoma maligno ha girato i tacchi ed \u00e8 entrata dentro l&#8217;aeroporto di Linate. Un volo low cost, via Londra per spendere meno, e le sue speranze volano Oltreoceano.<\/p><\/blockquote>\n","protected":false},"excerpt":{"rendered":"<p>Via Corriere.it \u00c8 stata di parola. Rita Clementi \u00e8 volata a Boston. Da gioved\u00ec lavorer\u00e0 in un importan\u00adte centro medico. Ha lasciato l&#8217;Italia, cos\u00ec come aveva promesso, la ricercatrice precaria di Pavia che ha scritto al Presidente della Repubblica Giorgio Napolitano per denunciare lo stato comatoso della ricerca nel nostro Paese e per raccontare la &#8230; <a title=\"Rita Clementi \u00e8 volata a Boston\" class=\"read-more\" href=\"https:\/\/www.pasteris.it\/blog\/2009\/07\/02\/rita-clementi-e-volata-a-boston\/\" aria-label=\"Per saperne di pi\u00f9 su Rita Clementi \u00e8 volata a Boston\">Leggi tutto<\/a><\/p>\n","protected":false},"author":4,"featured_media":0,"comment_status":"open","ping_status":"open","sticky":false,"template":"","format":"standard","meta":{"footnotes":""},"categories":[17,1,18,19],"tags":[379,2162,178,547,286],"class_list":["post-11623","post","type-post","status-publish","format-standard","hentry","category-economia","category-politica","category-scienza","category-tecnologia","tag-crisi","tag-economia","tag-innovazione","tag-napolitano","tag-ricerca"],"_links":{"self":[{"href":"https:\/\/www.pasteris.it\/blog\/wp-json\/wp\/v2\/posts\/11623","targetHints":{"allow":["GET"]}}],"collection":[{"href":"https:\/\/www.pasteris.it\/blog\/wp-json\/wp\/v2\/posts"}],"about":[{"href":"https:\/\/www.pasteris.it\/blog\/wp-json\/wp\/v2\/types\/post"}],"author":[{"embeddable":true,"href":"https:\/\/www.pasteris.it\/blog\/wp-json\/wp\/v2\/users\/4"}],"replies":[{"embeddable":true,"href":"https:\/\/www.pasteris.it\/blog\/wp-json\/wp\/v2\/comments?post=11623"}],"version-history":[{"count":1,"href":"https:\/\/www.pasteris.it\/blog\/wp-json\/wp\/v2\/posts\/11623\/revisions"}],"predecessor-version":[{"id":11624,"href":"https:\/\/www.pasteris.it\/blog\/wp-json\/wp\/v2\/posts\/11623\/revisions\/11624"}],"wp:attachment":[{"href":"https:\/\/www.pasteris.it\/blog\/wp-json\/wp\/v2\/media?parent=11623"}],"wp:term":[{"taxonomy":"category","embeddable":true,"href":"https:\/\/www.pasteris.it\/blog\/wp-json\/wp\/v2\/categories?post=11623"},{"taxonomy":"post_tag","embeddable":true,"href":"https:\/\/www.pasteris.it\/blog\/wp-json\/wp\/v2\/tags?post=11623"}],"curies":[{"name":"wp","href":"https:\/\/api.w.org\/{rel}","templated":true}]}}