{"id":11744,"date":"2009-07-09T10:04:59","date_gmt":"2009-07-09T09:04:59","guid":{"rendered":"http:\/\/www.pasteris.it\/blog\/?p=11744"},"modified":"2009-07-09T10:04:59","modified_gmt":"2009-07-09T09:04:59","slug":"le-prime-richieste-di-rettifica-ex-ddl-sicurezza","status":"publish","type":"post","link":"https:\/\/www.pasteris.it\/blog\/2009\/07\/09\/le-prime-richieste-di-rettifica-ex-ddl-sicurezza\/","title":{"rendered":"Le prime richieste di rettifica ex ddl sicurezza"},"content":{"rendered":"<p><a href=\"http:\/\/www.byoblu.com\/post\/2009\/07\/08\/Il-primo-caso-di-diffida-e-diritto-di-rettifica.aspx\">Via Byoblu<\/a><\/p>\n<blockquote><p>Tralasciando la responsabilit\u00e0, presunta o meno, dell&#8217;Ing.Frezza, che non \u00e8 rilevante ai fini di questa discussione e sulla quale lo studio legale Marazzita &amp; Associati <a href=\"http:\/\/www.byoblu.com\/file.axd?file=\/Diffida%20Byoblu%20Frezza.pdf\" target=\"_blank\">ha gi\u00e0 chiarito<\/a> la sua posizione, <a href=\"http:\/\/www.byoblu.com\/post\/2009\/06\/20\/Strane-voci-a-LAquila.aspx\">prontamente pubblicata nell&#8217;articolo incriminato<\/a>, nella diffida si legge che: \u00abLo stesso brano, con il medesimo titolo, \u00e8 stato da Lei pubblicato sotto lo pseudonimo di &#8220;Byoblu&#8221; in altri siti web, tra cui http:\/\/hardcorejudas.tumblr.com, http:\/\/umanesimo.tumblr.com, http:\/\/gravitazero.tumblr.com, http:\/\/aubreymcfato.tumblr.com [&#8230;] Con riserva di agire per le vie giudiziarie La invito, anche ai sensi dell&#8217;Art.8 della Legge n. 47\/1948, a rimuovere immediatamente dal suo sito e dagli altri sopracitati il brano, ed a pubblicare tempestivamente la presente rettifica.\u00bb<\/p>\n<p>Voil\u00e0. La frittata legale \u00e8 servita! I nostri legislatori, con il DDL Sicurezza, stanno per <a href=\"http:\/\/www.byoblu.com\/post\/2009\/02\/05\/Il-Diritto-di-Rettifica-nel-Web-20-trackback-e-blog-reactions.aspx\">applicare una legge del 1948<\/a>, pensata per la carta stampata, al mondo di sessant&#8217;anni dopo, dominato dal TCP\/IP, dai Feed RSS, dai Blog, dai Trackback, dai Social Network, dai forum di discussione, dalla cache dei motori di ricerca e da mille altre diavolerie. Lo studio legale mi chiede di rimuovere contenuti duplicati da altri, presenti su altre piattaforme, sui quali io non ho alcun potere n\u00e8 alcuna responsabilit\u00e0.<\/p>\n<p><!--more--><br \/>\nPer fare un esempio che anche un politico potrebbe capire, sarebbe come se io pubblicassi un articolo su un giornale e quest&#8217;articolo venisse fotocopiato da centinaia di lettori, affisso su migliaia di bacheche, distribuito sugli autobus e nelle caselle di posta degli androni dei palazzi. Io potrei pubblicare la rettifica sul mio giornale, ma quale potere e quali responsabilit\u00e0 potrei avrei sul materiale prodotto, eventualmente modficato e poi distribuito spontaneamente e in totale autonomia dalla gente?<\/p>\n<p>Il diritto di rettifica, introdotto nell DDL Intercettazioni indistintamente per tutti i siti informatici, non tiene conto della complessit\u00e0 della rete, e soprattuto del fatto che la rete \u00e8 il luogo delle rettifiche per eccellenza. <a href=\"http:\/\/www.byoblu.com\/post\/2009\/02\/05\/Il-Diritto-di-Rettifica-nel-Web-20-trackback-e-blog-reactions.aspx\">Ecco alcuni semplici modi<\/a> per rettificare autonomamente qualunque informazione. E anche qualora nel 2009 non ci si sentisse ancora qualificati a postare un articolo in rete, la risposta non sarebbe comunque la Legge n\u00b0 47\/1948.<br \/>\nQuanto ha speso l&#8217;Ing. Frezza per pagare lo studio legale affinch\u00e8 studiasse il caso, redigesse una lettera appropriata e inviasse tutte le raccomandate con ricevuta di ritorno necessarie? Allo stesso prezzo poteva recarsi in un internet point, che un&#8217;apposita normativa &#8211; pensata per la rete &#8211; potrebbe rendere competente, per pubblicare in rete una smentita relativamente ad un&#8217;informazione che si ritiene lesiva o non veritiera, legandola attraverso il meccanismo del trackback &#8211; che potrebbe essere reso obbligatorio per legge &#8211; all&#8217;articolo incriminato.<\/p><\/blockquote>\n","protected":false},"excerpt":{"rendered":"<p>Via Byoblu Tralasciando la responsabilit\u00e0, presunta o meno, dell&#8217;Ing.Frezza, che non \u00e8 rilevante ai fini di questa discussione e sulla quale lo studio legale Marazzita &amp; Associati ha gi\u00e0 chiarito la sua posizione, prontamente pubblicata nell&#8217;articolo incriminato, nella diffida si legge che: \u00abLo stesso brano, con il medesimo titolo, \u00e8 stato da Lei pubblicato sotto &#8230; <a title=\"Le prime richieste di rettifica ex ddl sicurezza\" class=\"read-more\" href=\"https:\/\/www.pasteris.it\/blog\/2009\/07\/09\/le-prime-richieste-di-rettifica-ex-ddl-sicurezza\/\" aria-label=\"Per saperne di pi\u00f9 su Le prime richieste di rettifica ex ddl sicurezza\">Leggi tutto<\/a><\/p>\n","protected":false},"author":4,"featured_media":0,"comment_status":"open","ping_status":"open","sticky":false,"template":"","format":"standard","meta":{"footnotes":""},"categories":[11,6],"tags":[2157,2158,2155,306],"class_list":["post-11744","post","type-post","status-publish","format-standard","hentry","category-diritti","category-internet","tag-blog","tag-diritti","tag-internet","tag-sicurezza"],"_links":{"self":[{"href":"https:\/\/www.pasteris.it\/blog\/wp-json\/wp\/v2\/posts\/11744","targetHints":{"allow":["GET"]}}],"collection":[{"href":"https:\/\/www.pasteris.it\/blog\/wp-json\/wp\/v2\/posts"}],"about":[{"href":"https:\/\/www.pasteris.it\/blog\/wp-json\/wp\/v2\/types\/post"}],"author":[{"embeddable":true,"href":"https:\/\/www.pasteris.it\/blog\/wp-json\/wp\/v2\/users\/4"}],"replies":[{"embeddable":true,"href":"https:\/\/www.pasteris.it\/blog\/wp-json\/wp\/v2\/comments?post=11744"}],"version-history":[{"count":1,"href":"https:\/\/www.pasteris.it\/blog\/wp-json\/wp\/v2\/posts\/11744\/revisions"}],"predecessor-version":[{"id":11745,"href":"https:\/\/www.pasteris.it\/blog\/wp-json\/wp\/v2\/posts\/11744\/revisions\/11745"}],"wp:attachment":[{"href":"https:\/\/www.pasteris.it\/blog\/wp-json\/wp\/v2\/media?parent=11744"}],"wp:term":[{"taxonomy":"category","embeddable":true,"href":"https:\/\/www.pasteris.it\/blog\/wp-json\/wp\/v2\/categories?post=11744"},{"taxonomy":"post_tag","embeddable":true,"href":"https:\/\/www.pasteris.it\/blog\/wp-json\/wp\/v2\/tags?post=11744"}],"curies":[{"name":"wp","href":"https:\/\/api.w.org\/{rel}","templated":true}]}}