{"id":12202,"date":"2009-08-03T06:40:42","date_gmt":"2009-08-03T05:40:42","guid":{"rendered":"http:\/\/www.pasteris.it\/blog\/?p=12202"},"modified":"2009-08-02T14:43:15","modified_gmt":"2009-08-02T13:43:15","slug":"orgoglio-digitale","status":"publish","type":"post","link":"https:\/\/www.pasteris.it\/blog\/2009\/08\/03\/orgoglio-digitale\/","title":{"rendered":"Orgoglio digitale"},"content":{"rendered":"<p>C&#8217;erano gli anni della new economy e tutto quello che era legato ad internet pareva oro colato i digitali irridevano gli analogici. Esistevano pochi nativi digitali. ma esistevano gi\u00e0. Successe per\u00f2 che Gruppi di esaltati digitali pensarono di cambiare il mondo in pochi giorni cercando in questo modo di accreditarsi a padroni virtuali del mondo. Poi la bolla scoppi\u00f2 e il mondo degli analogici cerc\u00f2 di ribadire la sua egemonia acclamando con\u00a0 fantozziani &#8220;merdacce&#8221; i digitali in parte decaduti.<\/p>\n<p>C&#8217;\u00e8 voluta tutta la cocciutaggine e tutta la convinzione dei digitali che ci ha creduto per andare avanti. Il lavoro \u00e8 stato lungo Ma nel frattempo le cose sono cambiate. Il vento del cambiamento \u00e8 diventato uno tsunami.<\/p>\n<p>In molti sistemi economici effettivamente aperti e dinamici le cose si sono evolute pi\u00f9 in fretta. In un paese meno dinamico, pi\u00f9 conservatore e conservativo i tempi sono stati pi\u00f9 lenti, ma mentre molti analogici speravano che il mondo stesse cambiando, questo era di gi\u00e0 di fatto cambiato.<\/p>\n<p>Oramai un mondo di analogici sta dissolvendosi. I peggiori digitali stanno cercando con mezzi e mezzucci di ogni tipo di mantenere lo status quo. Il loro sforzo conservativo pu\u00f2 durare per un po&#8217;, ma il tempo oramai scandisce la fine.<\/p>\n<p>I digitali devono riprendere a manifestare il loro orgoglio digtale per aver seguito un percorso tortuoso e difficile de essere riusciti a cambiare il mondo.<\/p>\n","protected":false},"excerpt":{"rendered":"<p>C&#8217;erano gli anni della new economy e tutto quello che era legato ad internet pareva oro colato i digitali irridevano gli analogici. Esistevano pochi nativi digitali. ma esistevano gi\u00e0. Successe per\u00f2 che Gruppi di esaltati digitali pensarono di cambiare il mondo in pochi giorni cercando in questo modo di accreditarsi a padroni virtuali del mondo. &#8230; <a title=\"Orgoglio digitale\" class=\"read-more\" href=\"https:\/\/www.pasteris.it\/blog\/2009\/08\/03\/orgoglio-digitale\/\" aria-label=\"Per saperne di pi\u00f9 su Orgoglio digitale\">Leggi tutto<\/a><\/p>\n","protected":false},"author":4,"featured_media":0,"comment_status":"open","ping_status":"open","sticky":false,"template":"","format":"standard","meta":{"footnotes":""},"categories":[17,6],"tags":[1002,116],"class_list":["post-12202","post","type-post","status-publish","format-standard","hentry","category-economia","category-internet","tag-analogico","tag-digitale"],"_links":{"self":[{"href":"https:\/\/www.pasteris.it\/blog\/wp-json\/wp\/v2\/posts\/12202","targetHints":{"allow":["GET"]}}],"collection":[{"href":"https:\/\/www.pasteris.it\/blog\/wp-json\/wp\/v2\/posts"}],"about":[{"href":"https:\/\/www.pasteris.it\/blog\/wp-json\/wp\/v2\/types\/post"}],"author":[{"embeddable":true,"href":"https:\/\/www.pasteris.it\/blog\/wp-json\/wp\/v2\/users\/4"}],"replies":[{"embeddable":true,"href":"https:\/\/www.pasteris.it\/blog\/wp-json\/wp\/v2\/comments?post=12202"}],"version-history":[{"count":1,"href":"https:\/\/www.pasteris.it\/blog\/wp-json\/wp\/v2\/posts\/12202\/revisions"}],"predecessor-version":[{"id":12203,"href":"https:\/\/www.pasteris.it\/blog\/wp-json\/wp\/v2\/posts\/12202\/revisions\/12203"}],"wp:attachment":[{"href":"https:\/\/www.pasteris.it\/blog\/wp-json\/wp\/v2\/media?parent=12202"}],"wp:term":[{"taxonomy":"category","embeddable":true,"href":"https:\/\/www.pasteris.it\/blog\/wp-json\/wp\/v2\/categories?post=12202"},{"taxonomy":"post_tag","embeddable":true,"href":"https:\/\/www.pasteris.it\/blog\/wp-json\/wp\/v2\/tags?post=12202"}],"curies":[{"name":"wp","href":"https:\/\/api.w.org\/{rel}","templated":true}]}}