{"id":12256,"date":"2009-08-05T15:40:10","date_gmt":"2009-08-05T14:40:10","guid":{"rendered":"http:\/\/www.pasteris.it\/blog\/?p=12256"},"modified":"2009-08-06T09:19:18","modified_gmt":"2009-08-06T08:19:18","slug":"la-famiglia-guzzanti-finalmente-riunita","status":"publish","type":"post","link":"https:\/\/www.pasteris.it\/blog\/2009\/08\/05\/la-famiglia-guzzanti-finalmente-riunita\/","title":{"rendered":"La famiglia Guzzanti finalmente riunita"},"content":{"rendered":"<p>Dopo Sabina e Corrado, anche <a href=\"http:\/\/www.repubblica.it\/2009\/08\/sezioni\/politica\/berlusconi-divorzio-19\/guzzanti-accusa\/guzzanti-accusa.html\">pap\u00e0 Paolo spara bordate contro Berlusconi (via Repubblica)<\/a><\/p>\n<blockquote><p>E&#8217; un gran porco&#8221;. L&#8217;ex senatore del Pdl Paolo Guzzanti non usa metafore per giudicare i comportamenti privati di Berlusconi. &#8220;E&#8217; una persona che ha corrotto la femminilit\u00e0 italiana schiudendo carriere impensabili a ragazze carine che hanno imparato solo quanto sia importante darla alla persona giusta al momento giusto &#8211; scrive sul suo blog Guzzanti &#8211; sollecitate in questo anche dalle madri, quando necessario&#8221;. E tra verbali mai pubblicati e &#8220;disgustosi contenuti&#8221; l&#8217;ex parlamentare del Pdl tira in ballo anche il capo dello Stato le cui sollecitazioni avrebbero impedito la pubblicazione delle intercettazioni.<\/p>\n<p>Al parlamentare, padre dei comici Sabina e Corrado, un tempo esponente del Pdl e vicedirettore del Giornale, si deve l&#8217;invenzione del termine &#8220;mignottocrazia&#8221;. Lo us\u00f2 al culmine dello scontro con il ministro Mara Carfagna quand\u00f2 punt\u00f2 il dito contro le presunte &#8220;nomine di scambio&#8221;. Dove la merce di scambio sconfinava nel pettegolezzo sessuale. Da allora Guzzanti non ha smesso di attaccare il premier su questo tema. Sul quell&#8217;atteggiamento &#8220;puttaniero&#8221; che &#8220;corrompe la giovent\u00f9 e mina il rispetto della donna&#8221;. Il <a href=\"http:\/\/www.paologuzzanti.it\/\"><span style=\"text-decoration: underline;\">suo blog<\/span><\/a> nel pomeriggio \u00e8 andato in tilt da troppi accessi e non risultava raggiungibile. Ma <a href=\"http:\/\/espresso.repubblica.it\/dettaglio\/le-accuse-di-paolo-guzzanti\/2106062&amp;ref=hpsp\"><span style=\"text-decoration: underline;\">il sito dell&#8217;Espresso<\/span><\/a> ha registrato tutti i contenuti.<br \/>\n<!--more--><br \/>\nMesi fa, <span style=\"text-decoration: underline;\">intervistato da Repubblica.it<\/span>, Guzzanti non si nascose dietro le parole: &#8220;Siamo in presenza di un capo di governo che \u00e8 circondato da pettegolezzi a sfondo sessuale. E questo \u00e8 un danno per il Paese. Non faccio processi sommari, ma Berlusconi ha fatto della sua sessualit\u00e0 un evento politico e su questo, dicono anche alcuni del suo partito, prima o poi potrebbe inciampare&#8221;. E oggi sferra un nuovo affondo contro il Cavaliere. Tirando in ballo le intercettazioni sull&#8217;inchiesta di Napoli (poi distrutte) che conterrebbero dialoghi a sfondo esplicitamente sessuale che hanno il Cavaliere come protagonista assoluto. Dialoghi di cui molto si \u00e8 parlato ma che non sono mai diventati pubblici.<\/p>\n<div id=\"adv180x150m\"><!-- OAS AD 'Middle' - da inserire per 200x200 --> <!--script language=\"javascript\" type=\"text\/javascript\">OAS_RICH('Middle');<\/script--> <script src=\"http:\/\/www.repubblica.it\/javascript\/adtags\/jx_speciale.js\"><\/script><script src=\"http:\/\/oas.repubblica.it\/RealMedia\/ads\/adstream_jx.ads\/repubblica.it\/nz\/politica\/interna\/1530355771@Middle\"><\/script><\/div>\n<p>Guzzanti, invece, riferisce di voci &#8220;attendibili&#8221; che affermerebbero come &#8220;un famoso direttore ha mostrato e fatto leggere a un numero imprecisato di persone (deputati e deputate di Forza Italia per lo pi\u00f9) i verbali che tutti i direttori di giornale hanno, ma che avrebbero deciso di non usare su sollecitazione del Presidente Napolitano&#8221;. Si tratterebbe delle ormai famose intercettazioni napoletane &#8220;in cui persone che ora ricoprono cariche altissime si raccontano fra di loro cose terribili che la decenza e la carit\u00e0 di patria mi proibiscono di scrivere, anche se purtroppo sono sulla bocca di coloro che hanno letto i verbali. Io ne conosco almeno tre&#8221;.<\/p><\/blockquote>\n<p>UPDATE: <a href=\"http:\/\/www.lastampa.it\/redazione\/cmsSezioni\/politica\/200908articoli\/46160girata.asp\">Il Quirinale nega la versione fornita da Guzzanti padre<\/a><\/p>\n<p><!--\/inserto--><\/p>\n","protected":false},"excerpt":{"rendered":"<p>Dopo Sabina e Corrado, anche pap\u00e0 Paolo spara bordate contro Berlusconi (via Repubblica) E&#8217; un gran porco&#8221;. L&#8217;ex senatore del Pdl Paolo Guzzanti non usa metafore per giudicare i comportamenti privati di Berlusconi. &#8220;E&#8217; una persona che ha corrotto la femminilit\u00e0 italiana schiudendo carriere impensabili a ragazze carine che hanno imparato solo quanto sia importante &#8230; <a title=\"La famiglia Guzzanti finalmente riunita\" class=\"read-more\" href=\"https:\/\/www.pasteris.it\/blog\/2009\/08\/05\/la-famiglia-guzzanti-finalmente-riunita\/\" aria-label=\"Per saperne di pi\u00f9 su La famiglia Guzzanti finalmente riunita\">Leggi tutto<\/a><\/p>\n","protected":false},"author":4,"featured_media":0,"comment_status":"open","ping_status":"open","sticky":false,"template":"","format":"standard","meta":{"footnotes":""},"categories":[1],"tags":[69,668,284],"class_list":["post-12256","post","type-post","status-publish","format-standard","hentry","category-politica","tag-berlusconi","tag-guzzanti","tag-repubblica"],"_links":{"self":[{"href":"https:\/\/www.pasteris.it\/blog\/wp-json\/wp\/v2\/posts\/12256","targetHints":{"allow":["GET"]}}],"collection":[{"href":"https:\/\/www.pasteris.it\/blog\/wp-json\/wp\/v2\/posts"}],"about":[{"href":"https:\/\/www.pasteris.it\/blog\/wp-json\/wp\/v2\/types\/post"}],"author":[{"embeddable":true,"href":"https:\/\/www.pasteris.it\/blog\/wp-json\/wp\/v2\/users\/4"}],"replies":[{"embeddable":true,"href":"https:\/\/www.pasteris.it\/blog\/wp-json\/wp\/v2\/comments?post=12256"}],"version-history":[{"count":4,"href":"https:\/\/www.pasteris.it\/blog\/wp-json\/wp\/v2\/posts\/12256\/revisions"}],"predecessor-version":[{"id":12258,"href":"https:\/\/www.pasteris.it\/blog\/wp-json\/wp\/v2\/posts\/12256\/revisions\/12258"}],"wp:attachment":[{"href":"https:\/\/www.pasteris.it\/blog\/wp-json\/wp\/v2\/media?parent=12256"}],"wp:term":[{"taxonomy":"category","embeddable":true,"href":"https:\/\/www.pasteris.it\/blog\/wp-json\/wp\/v2\/categories?post=12256"},{"taxonomy":"post_tag","embeddable":true,"href":"https:\/\/www.pasteris.it\/blog\/wp-json\/wp\/v2\/tags?post=12256"}],"curies":[{"name":"wp","href":"https:\/\/api.w.org\/{rel}","templated":true}]}}