{"id":12292,"date":"2009-08-07T09:14:29","date_gmt":"2009-08-07T08:14:29","guid":{"rendered":"http:\/\/www.pasteris.it\/blog\/?p=12292"},"modified":"2009-08-07T10:03:55","modified_gmt":"2009-08-07T09:03:55","slug":"lalinghi-volante-sul-nordovest-italiano","status":"publish","type":"post","link":"https:\/\/www.pasteris.it\/blog\/2009\/08\/07\/lalinghi-volante-sul-nordovest-italiano\/","title":{"rendered":"L&#8217;Alinghi volante sul nordovest italiano"},"content":{"rendered":"<p><a href=\"http:\/\/www.pasteris.it\/blog\/2009\/08\/06\/domani-tutti-a-testa-in-su-a-cercare-alinghi-nel-cielo\/\">Mattinata a naso in su per i curiosi del nordovest italiano<\/a>. Ci sar\u00e0 da cercare nel cielo la sagoma di <a href=\"http:\/\/www.alinghi.com\/\">Alinghi<\/a> 5 appesa a un elicottero Mi26T in un viaggio &#8220;spaziale&#8221; da Villenuve in Svizzera al porto di Genova. <a href=\"http:\/\/twitter.com\/alinghiteam\">Su Twitter la diretta del volo<\/a> e <a href=\"http:\/\/twitpic.com\/photos\/alinghiteam\">le immagini su TwitPic<\/a>.<\/p>\n<p><iframe loading=\"lazy\" width=\"425\" height=\"350\" frameborder=\"0\" scrolling=\"no\" marginheight=\"0\" marginwidth=\"0\" src=\"http:\/\/maps.google.it\/maps\/ms?ie=UTF8&amp;hl=it&amp;source=embed&amp;msa=0&amp;msid=116680229274419057890.000470886f8b0a515e8e8&amp;ll=45.47554,8.02002&amp;spn=2.696326,4.669189&amp;output=embed\"><\/iframe><br \/><small>Visualizza <a href=\"http:\/\/maps.google.it\/maps\/ms?ie=UTF8&amp;hl=it&amp;source=embed&amp;msa=0&amp;msid=116680229274419057890.000470886f8b0a515e8e8&amp;ll=45.47554,8.02002&amp;spn=2.696326,4.669189\" style=\"color:#0000FF;text-align:left\">Il volo di Alinghi<\/a> in una mappa di dimensioni maggiori<\/small><br \/>\n<!--more--><br \/>\n<a href=\"http:\/\/ilsecoloxix.ilsole24ore.com\/p\/sport\/2009\/08\/06\/AMnAwYoC-appuntamento_ammara_genova.shtml\">Via Il Secolo XIX<\/a><\/p>\n<blockquote><p>Attorno alle 13, oggi, Alinghi arriva dunque a Genova, in fondo a un\u2019impresa. Non \u00e8 agevole neppure per le pale e i rotori potenti di un maxi-elicottero russo Mi26T trasportare una dozzina di tonnellate distribuite in due scafi affusolati, uniti da due grandi traverse in carbonio, con un bompresso che, come un ago, come un pungiglione, porta la lunghezza a 32 metri e la larghezza tocca i 26. Volo lento e prudente, affidato all\u2019esperienza dei piloti Sergei Makarin e Anatoli Platskov, all\u2019opera da scouti di un elicottero dell\u2019Avionord che aprir\u00e0 la lunga strada nel cielo mentre il gigantesco albero da 52 metri, trasportato da un SuperPuma, preceder\u00e0 di un\u2019ora il raid.<\/p>\n<p>E cos\u00ec, decollo alle 8,20 da Le Bouveret, sul lago Lemano, dove Alinghi 5 \u00e8 stata varata, e graduale guadagno di quota per passare sopra il Gran San Bernardo, a 2473 metri di altezza, giusto il passo che venne scelto da Napoleone per dare il via alla seconda campagna d\u2019Italia: questa, per Bertarelli e la sua multinazionale della vela, \u00e8 la terza campagna di Coppa America. Passate le Alpi, indicatore di quota in discesa per la sosta a Biella: lo sforzo per sostenere un simile peso e la conseguente lenta velocit\u00e0 portano a un dispendio robusto di carburante. Dopo tre quarti d\u2019ora per il pieno, nuovo decollo e rotta verso Genova, con rigorosa indicazione dell\u2019Enac di non sorvolo di vasti centri abitati e di autostrade.<\/p>\n<p>Succinta guida per chi, stamattina, avvertir\u00e0 un singolare rumore proveniente dall\u2019alto e alzer\u00e0 gli occhi al cielo: tra le 11 e le 13 il trasporto eccezionale viagger\u00e0 su Casale Monferrato, Alessandria, Acqui Terme, Ovada, il Turchino, Voltri, Arenzano e, agganciato il mare, porter\u00e0 Alinghi sul punto di rilascio, appena oltre la diga foranea, dove quattro gommoni la trascineranno al cantiere Amico, tra lo Yacht Club e la Fiera del Mare, casa e quartier generale in questo mese genovese di allenamenti, di presa di contatto con il mare per quest\u2019ultima nata nel campo della ricerca estrema, della tecnologia pura: i generatori che alimentano i circuiti idraulici per alzare le vele sono l\u2019ultima discussa frontiera.<\/p><\/blockquote>\n","protected":false},"excerpt":{"rendered":"<p>Mattinata a naso in su per i curiosi del nordovest italiano. Ci sar\u00e0 da cercare nel cielo la sagoma di Alinghi 5 appesa a un elicottero Mi26T in un viaggio &#8220;spaziale&#8221; da Villenuve in Svizzera al porto di Genova. Su Twitter la diretta del volo e le immagini su TwitPic. Visualizza Il volo di Alinghi &#8230; <a title=\"L&#8217;Alinghi volante sul nordovest italiano\" class=\"read-more\" href=\"https:\/\/www.pasteris.it\/blog\/2009\/08\/07\/lalinghi-volante-sul-nordovest-italiano\/\" aria-label=\"Per saperne di pi\u00f9 su L&#8217;Alinghi volante sul nordovest italiano\">Leggi tutto<\/a><\/p>\n","protected":false},"author":4,"featured_media":0,"comment_status":"open","ping_status":"open","sticky":false,"template":"","format":"standard","meta":{"footnotes":""},"categories":[14,9,19],"tags":[1009,155,1010],"class_list":["post-12292","post","type-post","status-publish","format-standard","hentry","category-torino","category-sport","category-tecnologia","tag-alinghi","tag-genova","tag-svizzera"],"_links":{"self":[{"href":"https:\/\/www.pasteris.it\/blog\/wp-json\/wp\/v2\/posts\/12292","targetHints":{"allow":["GET"]}}],"collection":[{"href":"https:\/\/www.pasteris.it\/blog\/wp-json\/wp\/v2\/posts"}],"about":[{"href":"https:\/\/www.pasteris.it\/blog\/wp-json\/wp\/v2\/types\/post"}],"author":[{"embeddable":true,"href":"https:\/\/www.pasteris.it\/blog\/wp-json\/wp\/v2\/users\/4"}],"replies":[{"embeddable":true,"href":"https:\/\/www.pasteris.it\/blog\/wp-json\/wp\/v2\/comments?post=12292"}],"version-history":[{"count":4,"href":"https:\/\/www.pasteris.it\/blog\/wp-json\/wp\/v2\/posts\/12292\/revisions"}],"predecessor-version":[{"id":12300,"href":"https:\/\/www.pasteris.it\/blog\/wp-json\/wp\/v2\/posts\/12292\/revisions\/12300"}],"wp:attachment":[{"href":"https:\/\/www.pasteris.it\/blog\/wp-json\/wp\/v2\/media?parent=12292"}],"wp:term":[{"taxonomy":"category","embeddable":true,"href":"https:\/\/www.pasteris.it\/blog\/wp-json\/wp\/v2\/categories?post=12292"},{"taxonomy":"post_tag","embeddable":true,"href":"https:\/\/www.pasteris.it\/blog\/wp-json\/wp\/v2\/tags?post=12292"}],"curies":[{"name":"wp","href":"https:\/\/api.w.org\/{rel}","templated":true}]}}