{"id":12429,"date":"2009-08-10T16:49:01","date_gmt":"2009-08-10T14:49:01","guid":{"rendered":"http:\/\/www.pasteris.it\/blog\/?p=12429"},"modified":"2009-08-18T16:51:54","modified_gmt":"2009-08-18T14:51:54","slug":"obama-punta-deciso-allauto-elettrica","status":"publish","type":"post","link":"https:\/\/www.pasteris.it\/blog\/2009\/08\/10\/obama-punta-deciso-allauto-elettrica\/","title":{"rendered":"Obama punta deciso all&#8217;auto elettrica"},"content":{"rendered":"<p><a href=\"http:\/\/blog.panorama.it\/autoemoto\/2009\/08\/06\/obama-cambia-il-mondo-24-miliardi-per-le-auto-elettriche\/\">Via Panorama<\/a><\/p>\n<blockquote><p>Innovazione. \u00c8 questa la parola che Barack Obama ha usato nel suo discorso di ieri mentre annunciava lo stanziamento di 2,4 miliardi di dollari per accelerare lo sviluppo della prossima generazione di batterie elettriche. \u201cDobbiamo usare l\u2019innovazione per salvare l\u2019economia. Sar\u00e0 fondamentale trasformare le idee in invenzioni e le invenzioni in industrie\u201d.<\/p>\n<p>Ieri a Elkhart (la cittadina dello stato dell\u2019Indiana con la disoccupazione al 17%), il presidente americano ha tenuto un altro discorso \u2019storico\u2019, andando proprio a ricordare la storia dell\u2019industria made in Usa: \u201cGli Stati Uniti hanno guidato le economie mondiali nel XX secolo perch\u00e9 erano leader mondiali nell\u2019innovazione.<\/p>\n<p><!--more--><\/p>\n<p>Ora la concorrenza \u00e8 pi\u00f9 forte, le sfide pi\u00f9 dure. Ma proprio per questo l\u2019innovazione \u00e8 pi\u00f9 importante che mai\u201d. Ridurre la dipendenza dal petrolio, creare nuovi posti di lavoro, migliorare la qualit\u00e0 della vita e fare la nostra parte nella salvaguardia del pianeta. \u201cNon \u00e8 solo un investimento per produrre veicoli oggi \u2013 ha spiegato Obama &#8211; E\u2019 un investimento nella nostra capacit\u00e0 di sviluppare nuove tecnologie domani\u201d.<br \/>\nLa somma stanziata \u00e8 solo una piccola parte del Recovery Act, il fondo di 800 miliardi di dollari destinati al rilancio dell\u2019economia Usa. A febbraio 2009 ne erano stati annunciati 2 di miliardi, ma ora la cifra \u00e8 stata ritoccata al rialzo. I 2,4 miliardi verranno ripartiti secondo un piano preciso di investimenti, divisi in produzione delle batterie con tecnologia avanzata, azionamenti elettronici dei motori, supporto all\u2019acquisto di veicoli elettrici.<\/p><\/blockquote>\n","protected":false},"excerpt":{"rendered":"<p>Via Panorama Innovazione. \u00c8 questa la parola che Barack Obama ha usato nel suo discorso di ieri mentre annunciava lo stanziamento di 2,4 miliardi di dollari per accelerare lo sviluppo della prossima generazione di batterie elettriche. \u201cDobbiamo usare l\u2019innovazione per salvare l\u2019economia. Sar\u00e0 fondamentale trasformare le idee in invenzioni e le invenzioni in industrie\u201d. Ieri &#8230; <a title=\"Obama punta deciso all&#8217;auto elettrica\" class=\"read-more\" href=\"https:\/\/www.pasteris.it\/blog\/2009\/08\/10\/obama-punta-deciso-allauto-elettrica\/\" aria-label=\"Per saperne di pi\u00f9 su Obama punta deciso all&#8217;auto elettrica\">Leggi tutto<\/a><\/p>\n","protected":false},"author":3,"featured_media":0,"comment_status":"open","ping_status":"open","sticky":false,"template":"","format":"standard","meta":{"footnotes":""},"categories":[17,19],"tags":[662,248],"class_list":["post-12429","post","type-post","status-publish","format-standard","hentry","category-economia","category-tecnologia","tag-auto-elettrica","tag-obama"],"_links":{"self":[{"href":"https:\/\/www.pasteris.it\/blog\/wp-json\/wp\/v2\/posts\/12429","targetHints":{"allow":["GET"]}}],"collection":[{"href":"https:\/\/www.pasteris.it\/blog\/wp-json\/wp\/v2\/posts"}],"about":[{"href":"https:\/\/www.pasteris.it\/blog\/wp-json\/wp\/v2\/types\/post"}],"author":[{"embeddable":true,"href":"https:\/\/www.pasteris.it\/blog\/wp-json\/wp\/v2\/users\/3"}],"replies":[{"embeddable":true,"href":"https:\/\/www.pasteris.it\/blog\/wp-json\/wp\/v2\/comments?post=12429"}],"version-history":[{"count":1,"href":"https:\/\/www.pasteris.it\/blog\/wp-json\/wp\/v2\/posts\/12429\/revisions"}],"predecessor-version":[{"id":12430,"href":"https:\/\/www.pasteris.it\/blog\/wp-json\/wp\/v2\/posts\/12429\/revisions\/12430"}],"wp:attachment":[{"href":"https:\/\/www.pasteris.it\/blog\/wp-json\/wp\/v2\/media?parent=12429"}],"wp:term":[{"taxonomy":"category","embeddable":true,"href":"https:\/\/www.pasteris.it\/blog\/wp-json\/wp\/v2\/categories?post=12429"},{"taxonomy":"post_tag","embeddable":true,"href":"https:\/\/www.pasteris.it\/blog\/wp-json\/wp\/v2\/tags?post=12429"}],"curies":[{"name":"wp","href":"https:\/\/api.w.org\/{rel}","templated":true}]}}