{"id":1251,"date":"2007-02-06T12:00:23","date_gmt":"2007-02-06T11:00:23","guid":{"rendered":"http:\/\/www.pasteris.it\/blog\/2007\/02\/06\/lo-zenacamp-un-barcamp-nel-salotto-di-una-metropoli\/"},"modified":"2007-02-06T07:53:57","modified_gmt":"2007-02-06T06:53:57","slug":"lo-zenacamp-un-barcamp-nel-salotto-di-una-metropoli","status":"publish","type":"post","link":"https:\/\/www.pasteris.it\/blog\/2007\/02\/06\/lo-zenacamp-un-barcamp-nel-salotto-di-una-metropoli\/","title":{"rendered":"Lo Zenacamp: un barcamp nel salotto di una metropoli"},"content":{"rendered":"<p>Il bloggante ama Genova e ha la fortuna di avere molti cari amici sotto la Lanterna. A Genova stanno lavorando con un ottimo gruppo di persone per realizzare lo ZenaCamp e l&#8217;iniziativa sta crescendo ogni giorno diventando veramente un evento importante.<br \/>\nLe iniziative Barcamp o barcamp like crescono e si differenziano sdoganandosi dal mondo geek &#8211; blogger in cui sono nate.<br \/>\nUn fatto \u00e8 sintomatico: la location. Il primo Barcamp italiano si \u00e8 tenuto negli uffici di una azienda editoriale, il secondo e il terzo in due locali famosi, ma periferici di una metropoli &#8230;<\/p>\n<p>Lo ZenaCamp si svolger\u00e0 a Palazzo Ducale, in piazza De Ferrari ovvero nel centro della citt\u00e0, in uno dei palazzi pi\u00f9 famosi della citt\u00e0. Come se a Torino o Milano ci si fosse trovati in Piazza Castello e a Roma a Palazzo Venezia !!!<\/p>\n","protected":false},"excerpt":{"rendered":"<p>Il bloggante ama Genova e ha la fortuna di avere molti cari amici sotto la Lanterna. A Genova stanno lavorando con un ottimo gruppo di persone per realizzare lo ZenaCamp e l&#8217;iniziativa sta crescendo ogni giorno diventando veramente un evento importante. Le iniziative Barcamp o barcamp like crescono e si differenziano sdoganandosi dal mondo geek &#8230; <a title=\"Lo Zenacamp: un barcamp nel salotto di una metropoli\" class=\"read-more\" href=\"https:\/\/www.pasteris.it\/blog\/2007\/02\/06\/lo-zenacamp-un-barcamp-nel-salotto-di-una-metropoli\/\" aria-label=\"Per saperne di pi\u00f9 su Lo Zenacamp: un barcamp nel salotto di una metropoli\">Leggi tutto<\/a><\/p>\n","protected":false},"author":4,"featured_media":0,"comment_status":"open","ping_status":"open","sticky":false,"template":"","format":"standard","meta":{"footnotes":""},"categories":[],"tags":[230,2160],"class_list":["post-1251","post","type-post","status-publish","format-standard","hentry","tag-milano","tag-torino"],"_links":{"self":[{"href":"https:\/\/www.pasteris.it\/blog\/wp-json\/wp\/v2\/posts\/1251","targetHints":{"allow":["GET"]}}],"collection":[{"href":"https:\/\/www.pasteris.it\/blog\/wp-json\/wp\/v2\/posts"}],"about":[{"href":"https:\/\/www.pasteris.it\/blog\/wp-json\/wp\/v2\/types\/post"}],"author":[{"embeddable":true,"href":"https:\/\/www.pasteris.it\/blog\/wp-json\/wp\/v2\/users\/4"}],"replies":[{"embeddable":true,"href":"https:\/\/www.pasteris.it\/blog\/wp-json\/wp\/v2\/comments?post=1251"}],"version-history":[{"count":0,"href":"https:\/\/www.pasteris.it\/blog\/wp-json\/wp\/v2\/posts\/1251\/revisions"}],"wp:attachment":[{"href":"https:\/\/www.pasteris.it\/blog\/wp-json\/wp\/v2\/media?parent=1251"}],"wp:term":[{"taxonomy":"category","embeddable":true,"href":"https:\/\/www.pasteris.it\/blog\/wp-json\/wp\/v2\/categories?post=1251"},{"taxonomy":"post_tag","embeddable":true,"href":"https:\/\/www.pasteris.it\/blog\/wp-json\/wp\/v2\/tags?post=1251"}],"curies":[{"name":"wp","href":"https:\/\/api.w.org\/{rel}","templated":true}]}}