{"id":12526,"date":"2009-08-26T05:43:16","date_gmt":"2009-08-26T03:43:16","guid":{"rendered":"http:\/\/www.pasteris.it\/blog\/?p=12526"},"modified":"2009-08-26T05:43:16","modified_gmt":"2009-08-26T03:43:16","slug":"burkini-for-dummies","status":"publish","type":"post","link":"https:\/\/www.pasteris.it\/blog\/2009\/08\/26\/burkini-for-dummies\/","title":{"rendered":"Burkini for dummies"},"content":{"rendered":"<p><a href=\"http:\/\/leonardo.blogspot.com\/2009\/08\/il-merlo-maschio.html\">Leonardo<\/a> spiega i paradossi del pensiero omologato e stereotipato.<\/p>\n<blockquote><p>Ma voi sapreste dire esattamente cosa c&#8217;\u00e8 di sbagliato in un burkini? Ovvero, cosa c&#8217;\u00e8 di sbagliato nel recarsi in una piscina insossando un indumento che copre quasi del tutto le forme femminili?<br \/>\n\u00c8 una questione di praticit\u00e0, di igiene, di sicurezza? No, l&#8217;indumento \u00e8 fatto apposta per essere adoperato in piscina.<br \/>\nNon si pu\u00f2 identificare il volto di chi lo indossa? E perch\u00e9 mai, se l&#8217;unica cosa scoperta \u00e8 il volto? (peraltro, finch\u00e9 lo usano tre in tutta Italia, l&#8217;identificazione ha l&#8217;aria di un falso problema).<br \/>\n\u201cSpaventa i bambini\u201d? Ecco, questo invece s\u00ec che \u00e8 un vero problema. Bambini italiani che si spaventano davanti a figure femminili completamente coperte&#8230; E poni che un giorno per sbaglio passino davanti a una statua della Madonna (in Veneto se ne trovano alcune), ti immagini lo choc?<\/p>\n<p>Pi\u00f9 probabilmente \u00e8 una questione religiosa, e cio\u00e8: il burkini non va bene perch\u00e9 \u00e8 roba islamica. Infatti, se se lo infila una ragazza italiana allergica al cloro, nessuno si preoccupa: il burkini ridiventa una comunissima \u201cmuta\u201d, i bambini non si spaventano pi\u00f9, il bagnino non si attiva, i giornalisti non ne scrivono niente. \u00c8 come ritrovarsi e inginocchiarsi in piazza: tutti lo possono fare, \u00e8 garantito dalla Costituzione&#8230; ma se si scopre che stanno pregando in arabo non va pi\u00f9 bene, scandalo (\u201cMa avevamo chiesto il permesso\u201d \u201cNon importa, \u00e8 uno scandalo\u201d \u201cMa c&#8217;\u00e8 libert\u00e0 di culto&#8230;\u201d \u201cS\u00ec, ma mica in piazza\u201d).<\/p><\/blockquote>\n","protected":false},"excerpt":{"rendered":"<p>Leonardo spiega i paradossi del pensiero omologato e stereotipato. Ma voi sapreste dire esattamente cosa c&#8217;\u00e8 di sbagliato in un burkini? Ovvero, cosa c&#8217;\u00e8 di sbagliato nel recarsi in una piscina insossando un indumento che copre quasi del tutto le forme femminili? \u00c8 una questione di praticit\u00e0, di igiene, di sicurezza? No, l&#8217;indumento \u00e8 fatto &#8230; <a title=\"Burkini for dummies\" class=\"read-more\" href=\"https:\/\/www.pasteris.it\/blog\/2009\/08\/26\/burkini-for-dummies\/\" aria-label=\"Per saperne di pi\u00f9 su Burkini for dummies\">Leggi tutto<\/a><\/p>\n","protected":false},"author":4,"featured_media":0,"comment_status":"open","ping_status":"open","sticky":false,"template":"","format":"standard","meta":{"footnotes":""},"categories":[32],"tags":[534,880,1031],"class_list":["post-12526","post","type-post","status-publish","format-standard","hentry","category-pensieri","tag-cultura","tag-lega","tag-religione"],"_links":{"self":[{"href":"https:\/\/www.pasteris.it\/blog\/wp-json\/wp\/v2\/posts\/12526","targetHints":{"allow":["GET"]}}],"collection":[{"href":"https:\/\/www.pasteris.it\/blog\/wp-json\/wp\/v2\/posts"}],"about":[{"href":"https:\/\/www.pasteris.it\/blog\/wp-json\/wp\/v2\/types\/post"}],"author":[{"embeddable":true,"href":"https:\/\/www.pasteris.it\/blog\/wp-json\/wp\/v2\/users\/4"}],"replies":[{"embeddable":true,"href":"https:\/\/www.pasteris.it\/blog\/wp-json\/wp\/v2\/comments?post=12526"}],"version-history":[{"count":2,"href":"https:\/\/www.pasteris.it\/blog\/wp-json\/wp\/v2\/posts\/12526\/revisions"}],"predecessor-version":[{"id":12529,"href":"https:\/\/www.pasteris.it\/blog\/wp-json\/wp\/v2\/posts\/12526\/revisions\/12529"}],"wp:attachment":[{"href":"https:\/\/www.pasteris.it\/blog\/wp-json\/wp\/v2\/media?parent=12526"}],"wp:term":[{"taxonomy":"category","embeddable":true,"href":"https:\/\/www.pasteris.it\/blog\/wp-json\/wp\/v2\/categories?post=12526"},{"taxonomy":"post_tag","embeddable":true,"href":"https:\/\/www.pasteris.it\/blog\/wp-json\/wp\/v2\/tags?post=12526"}],"curies":[{"name":"wp","href":"https:\/\/api.w.org\/{rel}","templated":true}]}}