{"id":12638,"date":"2009-08-31T13:18:07","date_gmt":"2009-08-31T11:18:07","guid":{"rendered":"http:\/\/www.pasteris.it\/blog\/?p=12638"},"modified":"2009-08-31T13:19:40","modified_gmt":"2009-08-31T11:19:40","slug":"l%e2%80%99autunno-caldo-di-kublai","status":"publish","type":"post","link":"https:\/\/www.pasteris.it\/blog\/2009\/08\/31\/l%e2%80%99autunno-caldo-di-kublai\/","title":{"rendered":"L\u2019autunno caldo di Kublai"},"content":{"rendered":"<p><a href=\"http:\/\/www.progettokublai.net\/2009\/08\/31\/lautunno-caldo-di-kublai\/\">Dal sito del progetto Kublai<\/a><\/p>\n<blockquote><p>Cambia sul web<br \/>\nIl <a href=\"http:\/\/progettokublai.ning.com\/\">social network<\/a> su Ning ha fatto un buon lavoro come piattaforma per lo sviluppo dei progetti creativi dei kublaiani. Ma si pu\u00f2 fare meglio, naturalmente. Quindi:<\/p>\n<ul>\n<li>Il <a href=\"http:\/\/progettokublai.ning.com\/group\/KublaiWelcomeGroup\" target=\"_blank\">Club dei progettisti<\/a> \u00e8 cresciuto, ed \u00e8 tempo di metterlo a valore. Dall\u2019autunno diventer\u00e0 un luogo di discussione e di co-progettazione di Kublai stessa, uno spazio di lavoro comune tra noi del gruppo di lavoro e i membri pi\u00f9 attivi della community. Cominceremo programmando insieme il mese del progettista (vedi oltre).<\/li>\n<li>Abbiamo deciso di valorizzare i blog interni al Ning. Intanto perch\u00e9 alcuni kublaiani li usano (ci sono oltre 120 post gi\u00e0 scritti), e poi perch\u00e9 pu\u00f2 avere senso, per i progettisti, tenere un blog di progetto: per chi scrive aiuta a tenere la rotta del proprio progetto, per chi legge \u00e8 un modo semplice ed efficace di tenersi aggiornato. E poi perch\u00e9 \u00e8 molto semplice integrarli nelle pagine di progetto (istruzioni <a href=\"http:\/\/progettokublai.ning.com\/group\/KublaiWelcomeGroup\/forum\/topics\/usare-i-blog-in-kublai\" target=\"_blank\">qui<\/a>). In compenso abbiamo deciso di chiudere il blog collettivo dei <a href=\"http:\/\/www.progettokublai.net\/diari\" target=\"_blank\">Diari di progetto<\/a>, che non ha attecchito nella community. I post gi\u00e0 scritti restano comunque accessibili.<\/li>\n<li>Chiude anche la <a href=\"http:\/\/www.progettokublai.net\/banca\/\" target=\"_blank\">Banca delle piccole consulenze<\/a>, che non \u00e8 mai decollata. Molte persone hanno offerto gratuitamente il proprio tempo, ma nessuna ha mai chiesto di poterlo utilizzare! Sappiamo che lo scambio di favori tra kublaiani si verifica, ma segue canali diretti e personali. Federico ha aperto <a href=\"http:\/\/progettokublai.ning.com\/group\/KublaiWelcomeGroup\/forum\/topics\/progetti-non-attivi-uffici\" target=\"_blank\">una discussione<\/a> sul Club dei progettisti in cui suggerisce soluzioni diverse per portare aiuto a chi progetta, invito chiunque fosse interessato a partecipare.<\/li>\n<\/ul>\n<p><!--more--><\/p>\n<p>Cambia su Second Life<br \/>\nDel <a href=\"http:\/\/\/\">Porto dei creativi<\/a> ci siamo trovati ad usare davvero solo un\u2019area molto piccola, quella che contiene l\u2019auditorium e il salottino all\u2019aperto sui vecchi docks. Abbiamo deciso di ripensare completamente il resto, trasformandolo in un luogo dove immaginare e sperimentare \u201cin virtuale\u201d spazi per la creativit\u00e0. Ci faremo aiutare dalla Regione Basilicata, e in particolare dal suo progetto <a href=\"http:\/\/www.visioniurbanebasilicata.net\/2007\/10\/17\/e-andata-bene-e-andata-male\/#comment-148\" target=\"_blank\">Visioni Urbane<\/a>, che proprio di spazi per la creativit\u00e0 si occupa. Sul nuovo Porto sta lavorando <a href=\"http:\/\/progettokublai.ning.com\/profile\/asianlednev62?xg_source=profiles_memberList\">Fabio Fornasari aka Asian Lednev<\/a>, l\u2019archistar della Second Life italiana. Inauguriamo il 14 settembre, non mancate!<br \/>\nPi\u00f9 degli spazi, ovviamente, conta come li si usa. Il porto dei creativi quest\u2019autunno, fornir\u00e0 un supporto decisivo alle attivit\u00e0 di progettazione. Ci incontreremo l\u00ec per<\/p>\n<ul>\n<li>le conferenze della serie <a href=\"http:\/\/www.progettokublai.net\/2009\/05\/13\/nonzero-fare-cultura-alimentare-la-community\/\" target=\"_blank\">NonZero<\/a>, per allargare la mente e stimolare la creativit\u00e0.<\/li>\n<li>gli help desk su singoli progetti. I progettisti che sentono il bisogno di un confronto o di un brainstorming si mettano in contatto con noi, saremo felici di organizzarlo!<\/li>\n<li>gli aperitivi per dare il benvenuto ai nuovi progettisti e incoraggiare il formarsi di nuove relazioni.<\/li>\n<li>a novembre ospiteremo il Mese del progettista, una serie di iniziative in cui condividere storie di progetti creativi, kublaiani e non solo. Cosa sta funzionando? Quali sono gli ostacoli principali, e come superarli? Costruiremo il programma insieme ai partecipanti al <a href=\"http:\/\/progettokublai.ning.com\/group\/KublaiWelcomeGroup\" target=\"_blank\">Club dei progettisti<\/a>.<\/li>\n<\/ul>\n<p>Cambia in Real Life<br \/>\nPer rendere ancora pi\u00f9 caldo l\u2019autunno, viaggeremo molto. Oltre a un certo numero di presentazioni di Kublai in vari contesti \u2013 di cui pareleremo in seguito \u2013 presenzieremo con un impegno maggiore a tre iniziative:<\/p>\n<ul>\n<li><a href=\"http:\/\/www.economia3.it\/\">Economia3<\/a>, il 24 settembre alle 12.30 a Firenze, dove parleremo di physical computing. In collaborazione con la Regione Toscana.<\/li>\n<li><a href=\"http:\/\/www.festivaldellacreativita.it\/\">Festival della creativit\u00e0<\/a>, sempre a Firenze, il 15-18 ottobre, dove monteremo una specie di officina progettuale (nome in codice: Progetto in un giorno). In collaborazione con la Regione Toscana.<\/li>\n<li>Open Days, a Matera, il 29 e 30 ottobre. Riproporremo il Progetto in un giorno. In collaborazione con la Regione Basilicata.<\/li>\n<\/ul>\n<\/blockquote>\n","protected":false},"excerpt":{"rendered":"<p>Dal sito del progetto Kublai Cambia sul web Il social network su Ning ha fatto un buon lavoro come piattaforma per lo sviluppo dei progetti creativi dei kublaiani. Ma si pu\u00f2 fare meglio, naturalmente. Quindi: Il Club dei progettisti \u00e8 cresciuto, ed \u00e8 tempo di metterlo a valore. Dall\u2019autunno diventer\u00e0 un luogo di discussione e &#8230; <a title=\"L\u2019autunno caldo di Kublai\" class=\"read-more\" href=\"https:\/\/www.pasteris.it\/blog\/2009\/08\/31\/l%e2%80%99autunno-caldo-di-kublai\/\" aria-label=\"Per saperne di pi\u00f9 su L\u2019autunno caldo di Kublai\">Leggi tutto<\/a><\/p>\n","protected":false},"author":4,"featured_media":0,"comment_status":"open","ping_status":"open","sticky":false,"template":"","format":"standard","meta":{"footnotes":""},"categories":[17,6,1],"tags":[441],"class_list":["post-12638","post","type-post","status-publish","format-standard","hentry","category-economia","category-internet","category-politica","tag-kublai"],"_links":{"self":[{"href":"https:\/\/www.pasteris.it\/blog\/wp-json\/wp\/v2\/posts\/12638","targetHints":{"allow":["GET"]}}],"collection":[{"href":"https:\/\/www.pasteris.it\/blog\/wp-json\/wp\/v2\/posts"}],"about":[{"href":"https:\/\/www.pasteris.it\/blog\/wp-json\/wp\/v2\/types\/post"}],"author":[{"embeddable":true,"href":"https:\/\/www.pasteris.it\/blog\/wp-json\/wp\/v2\/users\/4"}],"replies":[{"embeddable":true,"href":"https:\/\/www.pasteris.it\/blog\/wp-json\/wp\/v2\/comments?post=12638"}],"version-history":[{"count":3,"href":"https:\/\/www.pasteris.it\/blog\/wp-json\/wp\/v2\/posts\/12638\/revisions"}],"predecessor-version":[{"id":12640,"href":"https:\/\/www.pasteris.it\/blog\/wp-json\/wp\/v2\/posts\/12638\/revisions\/12640"}],"wp:attachment":[{"href":"https:\/\/www.pasteris.it\/blog\/wp-json\/wp\/v2\/media?parent=12638"}],"wp:term":[{"taxonomy":"category","embeddable":true,"href":"https:\/\/www.pasteris.it\/blog\/wp-json\/wp\/v2\/categories?post=12638"},{"taxonomy":"post_tag","embeddable":true,"href":"https:\/\/www.pasteris.it\/blog\/wp-json\/wp\/v2\/tags?post=12638"}],"curies":[{"name":"wp","href":"https:\/\/api.w.org\/{rel}","templated":true}]}}