{"id":12709,"date":"2009-09-03T20:27:24","date_gmt":"2009-09-03T18:27:24","guid":{"rendered":"http:\/\/www.pasteris.it\/blog\/?p=12709"},"modified":"2009-09-17T20:39:48","modified_gmt":"2009-09-17T18:39:48","slug":"il-19-settembre-una-manifestazione-civica-per-la-liberta-dell%e2%80%99informazione","status":"publish","type":"post","link":"https:\/\/www.pasteris.it\/blog\/2009\/09\/03\/il-19-settembre-una-manifestazione-civica-per-la-liberta-dell%e2%80%99informazione\/","title":{"rendered":"Il 19 settembre una manifestazione civica per la libert\u00e0 dell\u2019informazione"},"content":{"rendered":"<p><a href=\"http:\/\/www.fnsi.it\/Esterne\/Pag_vedinews.asp?AKey=10198\">Via FNSI<\/a><\/p>\n<blockquote><p>C\u2019\u00e8 un allarme che sta diventando molto alto nel Paese. Non \u00e8 la prima volta che \u00e8 stata necessaria la mobilitazione anche contro governanti di segno diverso da quello attuale, ma oggi si sta vivendo una fase di grande delicatezza con attacchi senza precedenti. Non solo disegni di legge bavaglio ma anche azioni forti in sedi giudiziarie e manifestazioni pubbliche che hanno l\u2019oggettivo risultato di costituire una minaccia per chi fa informazione ritenuta non gradita. L\u2019informazione non si far\u00e0 mettere il guinzaglio. Il mondo dell\u2019informazione, assieme al mondo del lavoro ed alla societ\u00e0 civile, \u00e8 chiamato a scongiurare questo pericolo.<br \/>\n<!--more--><br \/>\nC\u2019\u00e8 bisogno urgente di riassumere e promuovere la consapevolezza piena della funzione dell\u2019informazione quale pilastro di ogni democrazia; una funzione che \u00e8 anche politica ma che non appartiene alla disponibilit\u00e0 del potere. E\u2019 una materia che va sottratta, prima che sia troppo tardi, alle contingenze dei virulenti contrasti politici e che impone pertanto il rispetto dei principi legali e sociali di convivenza di cui \u00e8 parte integrante. La Federazione Nazionale della Stampa Italiana ritiene che sia necessaria, quindi, una reattivit\u00e0 civile nella considerazione che l\u2019informazione \u00e8 libert\u00e0; ogni ferita che essa subisce determina una attenuazione della libert\u00e0 di tutti. E\u2019 indispensabile che l\u2019informazione possa dare una rappresentazione permanente della vita del Paese, nella pluralit\u00e0 dei punti di vista e di tutte le rappresentanze sociali e culturali e ne racconti liberamente i successi e i problemi. Nei prossimi giorni la Fnsi definir\u00e0 il programma della manifestazione con le organizzazioni copromotrici dell\u2019iniziativa. Gioved\u00ec della prossima settimana si riunir\u00e0 a Roma la Giunta esecutiva federale.<\/p><\/blockquote>\n<p>UPDATE: la manifestazione \u00e8 stata rinviata per l&#8217;attentato ai soldati italiani in Afghanistan<\/p>\n","protected":false},"excerpt":{"rendered":"<p>Via FNSI C\u2019\u00e8 un allarme che sta diventando molto alto nel Paese. Non \u00e8 la prima volta che \u00e8 stata necessaria la mobilitazione anche contro governanti di segno diverso da quello attuale, ma oggi si sta vivendo una fase di grande delicatezza con attacchi senza precedenti. Non solo disegni di legge bavaglio ma anche azioni &#8230; <a title=\"Il 19 settembre una manifestazione civica per la libert\u00e0 dell\u2019informazione\" class=\"read-more\" href=\"https:\/\/www.pasteris.it\/blog\/2009\/09\/03\/il-19-settembre-una-manifestazione-civica-per-la-liberta-dell%e2%80%99informazione\/\" aria-label=\"Per saperne di pi\u00f9 su Il 19 settembre una manifestazione civica per la libert\u00e0 dell\u2019informazione\">Leggi tutto<\/a><\/p>\n","protected":false},"author":3,"featured_media":0,"comment_status":"open","ping_status":"open","sticky":false,"template":"","format":"standard","meta":{"footnotes":""},"categories":[11,1,30],"tags":[140,160,176,548],"class_list":["post-12709","post","type-post","status-publish","format-standard","hentry","category-diritti","category-politica","category-media","tag-fnsi","tag-giornalismo","tag-informazione","tag-liberta"],"_links":{"self":[{"href":"https:\/\/www.pasteris.it\/blog\/wp-json\/wp\/v2\/posts\/12709","targetHints":{"allow":["GET"]}}],"collection":[{"href":"https:\/\/www.pasteris.it\/blog\/wp-json\/wp\/v2\/posts"}],"about":[{"href":"https:\/\/www.pasteris.it\/blog\/wp-json\/wp\/v2\/types\/post"}],"author":[{"embeddable":true,"href":"https:\/\/www.pasteris.it\/blog\/wp-json\/wp\/v2\/users\/3"}],"replies":[{"embeddable":true,"href":"https:\/\/www.pasteris.it\/blog\/wp-json\/wp\/v2\/comments?post=12709"}],"version-history":[{"count":3,"href":"https:\/\/www.pasteris.it\/blog\/wp-json\/wp\/v2\/posts\/12709\/revisions"}],"predecessor-version":[{"id":13004,"href":"https:\/\/www.pasteris.it\/blog\/wp-json\/wp\/v2\/posts\/12709\/revisions\/13004"}],"wp:attachment":[{"href":"https:\/\/www.pasteris.it\/blog\/wp-json\/wp\/v2\/media?parent=12709"}],"wp:term":[{"taxonomy":"category","embeddable":true,"href":"https:\/\/www.pasteris.it\/blog\/wp-json\/wp\/v2\/categories?post=12709"},{"taxonomy":"post_tag","embeddable":true,"href":"https:\/\/www.pasteris.it\/blog\/wp-json\/wp\/v2\/tags?post=12709"}],"curies":[{"name":"wp","href":"https:\/\/api.w.org\/{rel}","templated":true}]}}