{"id":12880,"date":"2009-09-11T18:10:01","date_gmt":"2009-09-11T16:10:01","guid":{"rendered":"http:\/\/www.pasteris.it\/blog\/?p=12880"},"modified":"2009-09-11T21:15:45","modified_gmt":"2009-09-11T19:15:45","slug":"la-tensione-per-la-prostituzione","status":"publish","type":"post","link":"https:\/\/www.pasteris.it\/blog\/2009\/09\/11\/la-tensione-per-la-prostituzione\/","title":{"rendered":"La tensione per la prostituzione"},"content":{"rendered":"<p><a href=\"http:\/\/www.repubblica.it\/2009\/09\/sezioni\/politica\/berlusconi-divorzio-27\/sviluppi-7set\/sviluppi-7set.html?ref=search\">Il corrispondente da Roma di El Pais raccont<\/a>a <a href=\"http:\/\/www.pasteris.it\/blog\/2009\/09\/10\/coito-ergo-sum\/\">dopo aver posto la domanda scottante a Berlusconi<\/a><\/p>\n<blockquote><p>Pi\u00f9 tardi, il corrispondente da Roma del quotidiano spagnolo, Miguel Mora, commenta ai microfoni di Cnr Media: &#8220;E&#8217; la risposta di chi \u00e8 abituato a controllare i media. Ma almeno siamo riusciti a porre una domanda a Berlusconi, era dal febbraio 2008 che El Pais ne faceva richiesta&#8221;. Secondo quanto riporta Mora, &#8220;in sala c&#8217;era tensione, quando ho pronunciato la parola &#8216;prostituzione&#8217; \u00e8 sembrato che avessi toccato un tab\u00f9. Si avvertiva una certa elettricit\u00e0, credo fosse la prima volta che in pubblico qualcuno ha fatto una domanda precisa e diretta a Berlusconi sulla vicenda D&#8217;Addario&#8221;. Infine, una considerazione sulla coda della risposta del premier che ha sollevato dei dubbi sulla tenuta economica del quotidiano spagnolo: &#8220;Le parole sul Pais possono essere interpretate come una minaccia o come un avvertimento, ma il giorno che abbiamo pubblicato le foto di Villa Certosa abbiamo avuto 5 milioni di visite&#8230;&#8221;, conclude Mora.  <\/p><\/blockquote>\n","protected":false},"excerpt":{"rendered":"<p>Il corrispondente da Roma di El Pais racconta dopo aver posto la domanda scottante a Berlusconi Pi\u00f9 tardi, il corrispondente da Roma del quotidiano spagnolo, Miguel Mora, commenta ai microfoni di Cnr Media: &#8220;E&#8217; la risposta di chi \u00e8 abituato a controllare i media. Ma almeno siamo riusciti a porre una domanda a Berlusconi, era &#8230; <a title=\"La tensione per la prostituzione\" class=\"read-more\" href=\"https:\/\/www.pasteris.it\/blog\/2009\/09\/11\/la-tensione-per-la-prostituzione\/\" aria-label=\"Per saperne di pi\u00f9 su La tensione per la prostituzione\">Leggi tutto<\/a><\/p>\n","protected":false},"author":4,"featured_media":0,"comment_status":"open","ping_status":"open","sticky":false,"template":"","format":"standard","meta":{"footnotes":""},"categories":[1,30,32],"tags":[69,159,161,284],"class_list":["post-12880","post","type-post","status-publish","format-standard","hentry","category-politica","category-media","category-pensieri","tag-berlusconi","tag-giornali","tag-giornalisti","tag-repubblica"],"_links":{"self":[{"href":"https:\/\/www.pasteris.it\/blog\/wp-json\/wp\/v2\/posts\/12880","targetHints":{"allow":["GET"]}}],"collection":[{"href":"https:\/\/www.pasteris.it\/blog\/wp-json\/wp\/v2\/posts"}],"about":[{"href":"https:\/\/www.pasteris.it\/blog\/wp-json\/wp\/v2\/types\/post"}],"author":[{"embeddable":true,"href":"https:\/\/www.pasteris.it\/blog\/wp-json\/wp\/v2\/users\/4"}],"replies":[{"embeddable":true,"href":"https:\/\/www.pasteris.it\/blog\/wp-json\/wp\/v2\/comments?post=12880"}],"version-history":[{"count":1,"href":"https:\/\/www.pasteris.it\/blog\/wp-json\/wp\/v2\/posts\/12880\/revisions"}],"predecessor-version":[{"id":12881,"href":"https:\/\/www.pasteris.it\/blog\/wp-json\/wp\/v2\/posts\/12880\/revisions\/12881"}],"wp:attachment":[{"href":"https:\/\/www.pasteris.it\/blog\/wp-json\/wp\/v2\/media?parent=12880"}],"wp:term":[{"taxonomy":"category","embeddable":true,"href":"https:\/\/www.pasteris.it\/blog\/wp-json\/wp\/v2\/categories?post=12880"},{"taxonomy":"post_tag","embeddable":true,"href":"https:\/\/www.pasteris.it\/blog\/wp-json\/wp\/v2\/tags?post=12880"}],"curies":[{"name":"wp","href":"https:\/\/api.w.org\/{rel}","templated":true}]}}