{"id":13034,"date":"2009-09-20T08:22:31","date_gmt":"2009-09-20T06:22:31","guid":{"rendered":"http:\/\/www.pasteris.it\/blog\/?p=13034"},"modified":"2009-09-20T08:24:38","modified_gmt":"2009-09-20T06:24:38","slug":"svegliarsi-con-il-terremoto-nelle-marche","status":"publish","type":"post","link":"https:\/\/www.pasteris.it\/blog\/2009\/09\/20\/svegliarsi-con-il-terremoto-nelle-marche\/","title":{"rendered":"Svegliarsi con il terremoto nelle Marche"},"content":{"rendered":"<p><a href=\"http:\/\/www.marcotraferri.net\/2009\/09\/20\/terremoto\/\">Via Marco Traferri<\/a>, <a href=\"http:\/\/twitter.com\/search?q=terremoto\">altro su Twitter<\/a><\/p>\n<blockquote><p><em>Budub\u00f9m.<\/em> E ti accorgi che sono le 5 e 50 e che sei gi\u00f9 dal letto. In mutande. Il terremoto \u00e8 venuto a darti il buongiorno.<\/p><\/blockquote>\n","protected":false},"excerpt":{"rendered":"<p>Via Marco Traferri, altro su Twitter Budub\u00f9m. E ti accorgi che sono le 5 e 50 e che sei gi\u00f9 dal letto. In mutande. Il terremoto \u00e8 venuto a darti il buongiorno.<\/p>\n","protected":false},"author":3,"featured_media":0,"comment_status":"open","ping_status":"open","sticky":false,"template":"","format":"standard","meta":{"footnotes":""},"categories":[10,1],"tags":[1072,499,1071],"class_list":["post-13034","post","type-post","status-publish","format-standard","hentry","category-blog","category-politica","tag-marche","tag-terremoto","tag-traferri"],"_links":{"self":[{"href":"https:\/\/www.pasteris.it\/blog\/wp-json\/wp\/v2\/posts\/13034","targetHints":{"allow":["GET"]}}],"collection":[{"href":"https:\/\/www.pasteris.it\/blog\/wp-json\/wp\/v2\/posts"}],"about":[{"href":"https:\/\/www.pasteris.it\/blog\/wp-json\/wp\/v2\/types\/post"}],"author":[{"embeddable":true,"href":"https:\/\/www.pasteris.it\/blog\/wp-json\/wp\/v2\/users\/3"}],"replies":[{"embeddable":true,"href":"https:\/\/www.pasteris.it\/blog\/wp-json\/wp\/v2\/comments?post=13034"}],"version-history":[{"count":3,"href":"https:\/\/www.pasteris.it\/blog\/wp-json\/wp\/v2\/posts\/13034\/revisions"}],"predecessor-version":[{"id":13036,"href":"https:\/\/www.pasteris.it\/blog\/wp-json\/wp\/v2\/posts\/13034\/revisions\/13036"}],"wp:attachment":[{"href":"https:\/\/www.pasteris.it\/blog\/wp-json\/wp\/v2\/media?parent=13034"}],"wp:term":[{"taxonomy":"category","embeddable":true,"href":"https:\/\/www.pasteris.it\/blog\/wp-json\/wp\/v2\/categories?post=13034"},{"taxonomy":"post_tag","embeddable":true,"href":"https:\/\/www.pasteris.it\/blog\/wp-json\/wp\/v2\/tags?post=13034"}],"curies":[{"name":"wp","href":"https:\/\/api.w.org\/{rel}","templated":true}]}}