{"id":13239,"date":"2009-10-04T04:01:58","date_gmt":"2009-10-04T02:01:58","guid":{"rendered":"http:\/\/www.pasteris.it\/blog\/?p=13239"},"modified":"2009-10-04T11:42:19","modified_gmt":"2009-10-04T09:42:19","slug":"a-torino-cinemambiente-2009","status":"publish","type":"post","link":"https:\/\/www.pasteris.it\/blog\/2009\/10\/04\/a-torino-cinemambiente-2009\/","title":{"rendered":"A Torino Cinemambiente 2009"},"content":{"rendered":"<p><img loading=\"lazy\" decoding=\"async\" class=\"alignnone\" title=\"Festiva Cinema ambiente\" src=\"http:\/\/www.cinemambiente.it\/media\/focus-inaugurazione.jpg\" alt=\"\" width=\"400\" height=\"153\" \/><\/p>\n<p>Ritorna, per il dodicesimo anno a Torino <a href=\"http:\/\/www.cinemambiente.it\/\">Cinemambiente<\/a> il pi\u00f9 importante festival di cinema italiano a tematica ambientale. Dall&#8217;8 al 13 ottobre il Festival CinemAmbiente, organizzato dal Museo Nazionale del Cinema, racconta attraverso documentari e cortometraggi, video e conferenze lo stato di salute dell\u2019uomo e del pianeta.<\/p>\n<p>I film in gara, selezionati tra circa un migliaio di iscrizioni, saranno suddivisi in tre sezioni: Concorso Internazionale Documentari, Concorso Documentari Italiani e il nuovo Concorso Internazionale Cortometraggi. Non mancher\u00e0 la sezione Panorama che mostra film su urgenti temi di attualit\u00e0 o ripresenta rarit\u00e0 del passato. Sempre rilevante la collaborazione con la sede italiana di Amnesty International per la sezione Focus Diritti Umani.<\/p>\n","protected":false},"excerpt":{"rendered":"<p>Ritorna, per il dodicesimo anno a Torino Cinemambiente il pi\u00f9 importante festival di cinema italiano a tematica ambientale. Dall&#8217;8 al 13 ottobre il Festival CinemAmbiente, organizzato dal Museo Nazionale del Cinema, racconta attraverso documentari e cortometraggi, video e conferenze lo stato di salute dell\u2019uomo e del pianeta. I film in gara, selezionati tra circa un &#8230; <a title=\"A Torino Cinemambiente 2009\" class=\"read-more\" href=\"https:\/\/www.pasteris.it\/blog\/2009\/10\/04\/a-torino-cinemambiente-2009\/\" aria-label=\"Per saperne di pi\u00f9 su A Torino Cinemambiente 2009\">Leggi tutto<\/a><\/p>\n","protected":false},"author":3,"featured_media":0,"comment_status":"open","ping_status":"open","sticky":false,"template":"","format":"standard","meta":{"footnotes":""},"categories":[14,18,19],"tags":[2172,100,2160],"class_list":["post-13239","post","type-post","status-publish","format-standard","hentry","category-torino","category-scienza","category-tecnologia","tag-ambiente","tag-cinema","tag-torino"],"_links":{"self":[{"href":"https:\/\/www.pasteris.it\/blog\/wp-json\/wp\/v2\/posts\/13239","targetHints":{"allow":["GET"]}}],"collection":[{"href":"https:\/\/www.pasteris.it\/blog\/wp-json\/wp\/v2\/posts"}],"about":[{"href":"https:\/\/www.pasteris.it\/blog\/wp-json\/wp\/v2\/types\/post"}],"author":[{"embeddable":true,"href":"https:\/\/www.pasteris.it\/blog\/wp-json\/wp\/v2\/users\/3"}],"replies":[{"embeddable":true,"href":"https:\/\/www.pasteris.it\/blog\/wp-json\/wp\/v2\/comments?post=13239"}],"version-history":[{"count":5,"href":"https:\/\/www.pasteris.it\/blog\/wp-json\/wp\/v2\/posts\/13239\/revisions"}],"predecessor-version":[{"id":13243,"href":"https:\/\/www.pasteris.it\/blog\/wp-json\/wp\/v2\/posts\/13239\/revisions\/13243"}],"wp:attachment":[{"href":"https:\/\/www.pasteris.it\/blog\/wp-json\/wp\/v2\/media?parent=13239"}],"wp:term":[{"taxonomy":"category","embeddable":true,"href":"https:\/\/www.pasteris.it\/blog\/wp-json\/wp\/v2\/categories?post=13239"},{"taxonomy":"post_tag","embeddable":true,"href":"https:\/\/www.pasteris.it\/blog\/wp-json\/wp\/v2\/tags?post=13239"}],"curies":[{"name":"wp","href":"https:\/\/api.w.org\/{rel}","templated":true}]}}