{"id":13393,"date":"2009-10-04T11:31:25","date_gmt":"2009-10-04T09:31:25","guid":{"rendered":"http:\/\/www.pasteris.it\/blog\/?p=13393"},"modified":"2009-10-04T11:52:26","modified_gmt":"2009-10-04T09:52:26","slug":"i-giornalisti-veri-hanno-ritrovato-lorgoglio-e-il-coraggio","status":"publish","type":"post","link":"https:\/\/www.pasteris.it\/blog\/2009\/10\/04\/i-giornalisti-veri-hanno-ritrovato-lorgoglio-e-il-coraggio\/","title":{"rendered":"I giornalisti veri hanno ritrovato l&#8217;orgoglio e il coraggio"},"content":{"rendered":"<p>Dopo anni di doloroso silenzio i giornalisti veri, ne esistono ancora dappertutto sul territorio nazionale, hanno dimostrato ieri a Roma che si pu\u00f2 e si deve lottare per la libert\u00e0, l&#8217;indipendenza e il coraggio di fare informazione.<\/p>\n<p>Speriamo che questo faccia fare un salto di qualit\u00e0 importante ai giornalisti veri per continuare in questo rinnovamento della categoria che permetta di risolvere i buchi neri, le problematiche, gli insoluti, le negligenze, i paraddossi del mondo dell&#8217;informazione e del giornalismo italiani<\/p>\n<p>Il drammatico \u00e8 che alcune testate anche importanti e molto note hanno scelto di attutire l&#8217;importanza politica e sociale della giornata dedicata all&#8217;informazione. Forse perch\u00e8 i referenti delle testate devono trovare patti con il Governo per risolvere i problemi aziendali di parte dei loro editori.<\/p>\n<p>Anche per questo la garanzia dell&#8217;indipendenza dell&#8217;informazione che si esprime dalla rete resta una importante opzione di libert\u00e0 e indipendenza che tutti i cittadini italiani devono comprendere e fare propri attraverso l&#8217;uso quotidiano dell&#8217;informazione digitale.<\/p>\n","protected":false},"excerpt":{"rendered":"<p>Dopo anni di doloroso silenzio i giornalisti veri, ne esistono ancora dappertutto sul territorio nazionale, hanno dimostrato ieri a Roma che si pu\u00f2 e si deve lottare per la libert\u00e0, l&#8217;indipendenza e il coraggio di fare informazione. Speriamo che questo faccia fare un salto di qualit\u00e0 importante ai giornalisti veri per continuare in questo rinnovamento &#8230; <a title=\"I giornalisti veri hanno ritrovato l&#8217;orgoglio e il coraggio\" class=\"read-more\" href=\"https:\/\/www.pasteris.it\/blog\/2009\/10\/04\/i-giornalisti-veri-hanno-ritrovato-lorgoglio-e-il-coraggio\/\" aria-label=\"Per saperne di pi\u00f9 su I giornalisti veri hanno ritrovato l&#8217;orgoglio e il coraggio\">Leggi tutto<\/a><\/p>\n","protected":false},"author":4,"featured_media":0,"comment_status":"open","ping_status":"open","sticky":false,"template":"","format":"standard","meta":{"footnotes":""},"categories":[10,11,6,30],"tags":[1099,161,176,548],"class_list":["post-13393","post","type-post","status-publish","format-standard","hentry","category-blog","category-diritti","category-internet","category-media","tag-coraggio","tag-giornalisti","tag-informazione","tag-liberta"],"_links":{"self":[{"href":"https:\/\/www.pasteris.it\/blog\/wp-json\/wp\/v2\/posts\/13393","targetHints":{"allow":["GET"]}}],"collection":[{"href":"https:\/\/www.pasteris.it\/blog\/wp-json\/wp\/v2\/posts"}],"about":[{"href":"https:\/\/www.pasteris.it\/blog\/wp-json\/wp\/v2\/types\/post"}],"author":[{"embeddable":true,"href":"https:\/\/www.pasteris.it\/blog\/wp-json\/wp\/v2\/users\/4"}],"replies":[{"embeddable":true,"href":"https:\/\/www.pasteris.it\/blog\/wp-json\/wp\/v2\/comments?post=13393"}],"version-history":[{"count":3,"href":"https:\/\/www.pasteris.it\/blog\/wp-json\/wp\/v2\/posts\/13393\/revisions"}],"predecessor-version":[{"id":13396,"href":"https:\/\/www.pasteris.it\/blog\/wp-json\/wp\/v2\/posts\/13393\/revisions\/13396"}],"wp:attachment":[{"href":"https:\/\/www.pasteris.it\/blog\/wp-json\/wp\/v2\/media?parent=13393"}],"wp:term":[{"taxonomy":"category","embeddable":true,"href":"https:\/\/www.pasteris.it\/blog\/wp-json\/wp\/v2\/categories?post=13393"},{"taxonomy":"post_tag","embeddable":true,"href":"https:\/\/www.pasteris.it\/blog\/wp-json\/wp\/v2\/tags?post=13393"}],"curies":[{"name":"wp","href":"https:\/\/api.w.org\/{rel}","templated":true}]}}