{"id":13440,"date":"2009-10-06T11:23:51","date_gmt":"2009-10-06T09:23:51","guid":{"rendered":"http:\/\/www.pasteris.it\/blog\/?p=13440"},"modified":"2009-10-06T11:23:51","modified_gmt":"2009-10-06T09:23:51","slug":"mantenere-intatta-artificialmente-la-diffusione-di-base","status":"publish","type":"post","link":"https:\/\/www.pasteris.it\/blog\/2009\/10\/06\/mantenere-intatta-artificialmente-la-diffusione-di-base\/","title":{"rendered":"Mantenere intatta artificialmente la diffusione di base"},"content":{"rendered":"<p><a href=\"http:\/\/www.lsdi.it\/2009\/10\/02\/il-giornalismo-di-qualita-gratuito-sull%E2%80%99-online-un-grave-errore-strategico-degli-editori\/\">LDSI traduce un interessante lavoro di Peter Kahn  sulla crisi dei giornali e si scopre che &#8230;<\/a><\/p>\n<blockquote><p>L\u2019 inizio della spirale della crisi dei quotidiani, secondo Peter Kann, Premio Pulitzer ed ex presidente di Dow Jones, precede Internet di alcuni decenni \u2013 Parte quando gli editori hanno cominciato a basarsi sempre di pi\u00f9 come fonte di reddito primario sulla pubblicit\u00e0, dando una caccia sempre pi\u00f9 serrata agli inserzionisti e puntando sempre di meno a una adeguata valorizzazione del prodotto in se stesso \u2013 In un articolo sul Wall Street Journal, Kann descrive la scelta del gratuito per l\u2019 informazione online un grave errore strategico &#8211; Ben prima dell\u2019 avvento del web gli editori avevano cominciato a proporre abbonamenti scontati e ogni tipo di allegati gratuiti marginali, diffondendo gratuitamente sempre pi\u00f9 copie per mantenere intatta artificialmente la diffusione di base \u2013 Quando \u00e8 arrivato il momento delle edizioni su internet, la filosofia prevalente nella maggior parte della case editrici era gi\u00e0 che i clienti non si aspettavano di pagare molto per il contenuto e che era pi\u00f9 facile basarsi semplicemente sulla pubblicit\u00e0 &#8211; Le nuove versioni online erano semplicemente l\u2019 ultima estensione di quella filosofia: notizie gratis per gli utenti, totale dipendenza dagli inserzionisti<\/p><\/blockquote>\n","protected":false},"excerpt":{"rendered":"<p>LDSI traduce un interessante lavoro di Peter Kahn sulla crisi dei giornali e si scopre che &#8230; L\u2019 inizio della spirale della crisi dei quotidiani, secondo Peter Kann, Premio Pulitzer ed ex presidente di Dow Jones, precede Internet di alcuni decenni \u2013 Parte quando gli editori hanno cominciato a basarsi sempre di pi\u00f9 come fonte &#8230; <a title=\"Mantenere intatta artificialmente la diffusione di base\" class=\"read-more\" href=\"https:\/\/www.pasteris.it\/blog\/2009\/10\/06\/mantenere-intatta-artificialmente-la-diffusione-di-base\/\" aria-label=\"Per saperne di pi\u00f9 su Mantenere intatta artificialmente la diffusione di base\">Leggi tutto<\/a><\/p>\n","protected":false},"author":3,"featured_media":0,"comment_status":"open","ping_status":"open","sticky":false,"template":"","format":"standard","meta":{"footnotes":""},"categories":[17,30],"tags":[159,160,210],"class_list":["post-13440","post","type-post","status-publish","format-standard","hentry","category-economia","category-media","tag-giornali","tag-giornalismo","tag-lsdi"],"_links":{"self":[{"href":"https:\/\/www.pasteris.it\/blog\/wp-json\/wp\/v2\/posts\/13440","targetHints":{"allow":["GET"]}}],"collection":[{"href":"https:\/\/www.pasteris.it\/blog\/wp-json\/wp\/v2\/posts"}],"about":[{"href":"https:\/\/www.pasteris.it\/blog\/wp-json\/wp\/v2\/types\/post"}],"author":[{"embeddable":true,"href":"https:\/\/www.pasteris.it\/blog\/wp-json\/wp\/v2\/users\/3"}],"replies":[{"embeddable":true,"href":"https:\/\/www.pasteris.it\/blog\/wp-json\/wp\/v2\/comments?post=13440"}],"version-history":[{"count":2,"href":"https:\/\/www.pasteris.it\/blog\/wp-json\/wp\/v2\/posts\/13440\/revisions"}],"predecessor-version":[{"id":13442,"href":"https:\/\/www.pasteris.it\/blog\/wp-json\/wp\/v2\/posts\/13440\/revisions\/13442"}],"wp:attachment":[{"href":"https:\/\/www.pasteris.it\/blog\/wp-json\/wp\/v2\/media?parent=13440"}],"wp:term":[{"taxonomy":"category","embeddable":true,"href":"https:\/\/www.pasteris.it\/blog\/wp-json\/wp\/v2\/categories?post=13440"},{"taxonomy":"post_tag","embeddable":true,"href":"https:\/\/www.pasteris.it\/blog\/wp-json\/wp\/v2\/tags?post=13440"}],"curies":[{"name":"wp","href":"https:\/\/api.w.org\/{rel}","templated":true}]}}