{"id":13459,"date":"2009-10-07T04:21:57","date_gmt":"2009-10-07T02:21:57","guid":{"rendered":"http:\/\/www.pasteris.it\/blog\/?p=13459"},"modified":"2009-10-07T04:25:50","modified_gmt":"2009-10-07T02:25:50","slug":"il-giorno-piu-lungo-della-televisione-torinese-lazione-chiave-e-risintonizzare-il-decoder","status":"publish","type":"post","link":"https:\/\/www.pasteris.it\/blog\/2009\/10\/07\/il-giorno-piu-lungo-della-televisione-torinese-lazione-chiave-e-risintonizzare-il-decoder\/","title":{"rendered":"Il giorno pi\u00f9 lungo della televisione torinese: l&#8217;azione chiave \u00e8 risintonizzare il decoder"},"content":{"rendered":"<p><a href=\"http:\/\/www.pasteris.it\/blog\/wp-content\/uploads\/2009\/10\/digitale-terrestre-torino-piemonte.jpg\"><img loading=\"lazy\" decoding=\"async\" class=\"alignright size-full wp-image-13460\" title=\"digitale-terrestre-torino-piemonte\" src=\"http:\/\/www.pasteris.it\/blog\/wp-content\/uploads\/2009\/10\/digitale-terrestre-torino-piemonte.jpg\" alt=\"digitale-terrestre-torino-piemonte\" width=\"220\" height=\"200\" \/><\/a>Oggi 7 ottobre 2009 \u00e8 il giorno pi\u00f9 lungo e &#8220;drammatico&#8221; della televisione a Torino.<\/p>\n<p>E&#8217; il giorno dello <a href=\"http:\/\/www.piemontedigitale.it\/\">switchoff definitivo<\/a> al digitale terrestre nella Torino metropolitana e dintorni. In pratica spariranno tutti i canali televisivi analogici e verranno sostituiti da soli canali digitali. Per poter vedere la televisione sar\u00e0 quindi necessario <a href=\"http:\/\/www.decoder.comunicazioni.it.\/\">dotarsi<\/a> di un <a href=\"http:\/\/agora.torinovalley.com\/digitaleterrestre\/glossario\/\">decoder digitale o di una televisione che ha\u00a0 gi\u00e0 incorporato il decoder<\/a>. Il processo di spegnimento dei canali analogi e di sostituzione con canali digitali non \u00e8 ovviamente automatico per cui <a href=\"http:\/\/agora.torinovalley.com\/digitaleterrestre\/2009\/04\/01\/ufficio-reclami\/\">ragionevolmente ci saranno problemi e disservizi<\/a>.<\/p>\n<p>Il numero verde disponibile \u00e8 <strong>800.022.000<\/strong> attivo dal luned\u00ec al sabato, dalle 8.00 alle 20.00<\/p>\n<p><!--more--><br \/>\n<object classid=\"clsid:d27cdb6e-ae6d-11cf-96b8-444553540000\" width=\"480\" height=\"295\" codebase=\"http:\/\/download.macromedia.com\/pub\/shockwave\/cabs\/flash\/swflash.cab#version=6,0,40,0\"><param name=\"allowFullScreen\" value=\"true\" \/><param name=\"allowscriptaccess\" value=\"always\" \/><param name=\"src\" value=\"http:\/\/www.youtube.com\/v\/c7jw1OQzRQg&amp;hl=it&amp;fs=1&amp;rel=0&amp;color1=0x3a3a3a&amp;color2=0x999999\" \/><param name=\"allowfullscreen\" value=\"true\" \/><embed type=\"application\/x-shockwave-flash\" width=\"480\" height=\"295\" src=\"http:\/\/www.youtube.com\/v\/c7jw1OQzRQg&amp;hl=it&amp;fs=1&amp;rel=0&amp;color1=0x3a3a3a&amp;color2=0x999999\" allowscriptaccess=\"always\" allowfullscreen=\"true\"><\/embed><\/object><\/p>\n<p>La cosa pi\u00f9 importante da capire \u00e8 che sar\u00e0 necessario risintonizzare pi\u00f9 volte il decoder digitale o la televisione per permetter loro di memorizzare i canali televisivi che piano piano occuperanno gli spazi lasciati liberi dall&#8217;abbandono delle frequenze analogiche e occupati dall&#8217;accensione dei nuovi ripetitori.<\/p>\n<p>In ogni caso la situazione sar\u00e0 estremamente critica con problemi gravi di persone tecno-fobiche costrette ad armeggiare con aggeggi eletronici non sempre facili da utilizzare, con scarsezza di segnale e di canali nelle regioni collinari e montuose, con molti cittadini imbufaliti e con i pubblicitari preoccupati per la minore audience televisiva.<\/p>\n","protected":false},"excerpt":{"rendered":"<p>Oggi 7 ottobre 2009 \u00e8 il giorno pi\u00f9 lungo e &#8220;drammatico&#8221; della televisione a Torino. E&#8217; il giorno dello switchoff definitivo al digitale terrestre nella Torino metropolitana e dintorni. In pratica spariranno tutti i canali televisivi analogici e verranno sostituiti da soli canali digitali. Per poter vedere la televisione sar\u00e0 quindi necessario dotarsi di un &#8230; <a title=\"Il giorno pi\u00f9 lungo della televisione torinese: l&#8217;azione chiave \u00e8 risintonizzare il decoder\" class=\"read-more\" href=\"https:\/\/www.pasteris.it\/blog\/2009\/10\/07\/il-giorno-piu-lungo-della-televisione-torinese-lazione-chiave-e-risintonizzare-il-decoder\/\" aria-label=\"Per saperne di pi\u00f9 su Il giorno pi\u00f9 lungo della televisione torinese: l&#8217;azione chiave \u00e8 risintonizzare il decoder\">Leggi tutto<\/a><\/p>\n","protected":false},"author":3,"featured_media":0,"comment_status":"open","ping_status":"open","sticky":false,"template":"","format":"standard","meta":{"footnotes":""},"categories":[30,32,14,19],"tags":[752,191,227,281,332],"class_list":["post-13459","post","type-post","status-publish","format-standard","hentry","category-media","category-pensieri","category-torino","category-tecnologia","tag-digitale-terrestre","tag-la7","tag-mediaset","tag-rai","tag-televisione"],"_links":{"self":[{"href":"https:\/\/www.pasteris.it\/blog\/wp-json\/wp\/v2\/posts\/13459","targetHints":{"allow":["GET"]}}],"collection":[{"href":"https:\/\/www.pasteris.it\/blog\/wp-json\/wp\/v2\/posts"}],"about":[{"href":"https:\/\/www.pasteris.it\/blog\/wp-json\/wp\/v2\/types\/post"}],"author":[{"embeddable":true,"href":"https:\/\/www.pasteris.it\/blog\/wp-json\/wp\/v2\/users\/3"}],"replies":[{"embeddable":true,"href":"https:\/\/www.pasteris.it\/blog\/wp-json\/wp\/v2\/comments?post=13459"}],"version-history":[{"count":5,"href":"https:\/\/www.pasteris.it\/blog\/wp-json\/wp\/v2\/posts\/13459\/revisions"}],"predecessor-version":[{"id":13463,"href":"https:\/\/www.pasteris.it\/blog\/wp-json\/wp\/v2\/posts\/13459\/revisions\/13463"}],"wp:attachment":[{"href":"https:\/\/www.pasteris.it\/blog\/wp-json\/wp\/v2\/media?parent=13459"}],"wp:term":[{"taxonomy":"category","embeddable":true,"href":"https:\/\/www.pasteris.it\/blog\/wp-json\/wp\/v2\/categories?post=13459"},{"taxonomy":"post_tag","embeddable":true,"href":"https:\/\/www.pasteris.it\/blog\/wp-json\/wp\/v2\/tags?post=13459"}],"curies":[{"name":"wp","href":"https:\/\/api.w.org\/{rel}","templated":true}]}}