{"id":13493,"date":"2009-10-07T18:32:58","date_gmt":"2009-10-07T16:32:58","guid":{"rendered":"http:\/\/www.pasteris.it\/blog\/?p=13493"},"modified":"2009-10-07T18:32:58","modified_gmt":"2009-10-07T16:32:58","slug":"illegittimo-il-lodo-alfano","status":"publish","type":"post","link":"https:\/\/www.pasteris.it\/blog\/2009\/10\/07\/illegittimo-il-lodo-alfano\/","title":{"rendered":"Illegittimo il lodo Alfano"},"content":{"rendered":"<p><a href=\"http:\/\/www.corriere.it\/politica\/09_ottobre_07\/lodo_alfano_corte_costituzionale_d1f066b8-b308-11de-b362-00144f02aabc.shtml\">Via Corriere.it<\/a><\/p>\n<blockquote><p><img loading=\"lazy\" decoding=\"async\" class=\"alignnone\" title=\"lodo alfano\" src=\"http:\/\/images.corriereobjects.it\/Media\/Foto\/2009\/10\/07\/DUO_big.jpg?v=200910071808\" alt=\"\" width=\"401\" height=\"175\" \/><\/p>\n<p>Il Lodo Alfano \u00e8 illegittimo. Cos\u00ec si sono pronunciati i giudici della Corte Costituzionale. La legge che sospende i processi delle quattro pi\u00f9 alte cariche dello Stato \u00e8 stata bocciata per violazione dell&#8217;art. 138 della Costituzione, vale a dire l&#8217;obbligo di far ricorso a una legge costituzionale e non ordinaria. Il Lodo \u00e8 stato bocciato anche per violazione dell&#8217;art. 3, ovvero il principio di uguaglianza. La decisione \u00e8 stata presa a maggioranza e avr\u00e0 come effetto la riapertura di due processi a carico del premier Berlusconi: per corruzione in atti giudiziari dell&#8217;avvocato David Mills e per reati societari nella compravendita di diritti tv Mediaset.<\/p><\/blockquote>\n","protected":false},"excerpt":{"rendered":"<p>Via Corriere.it Il Lodo Alfano \u00e8 illegittimo. Cos\u00ec si sono pronunciati i giudici della Corte Costituzionale. La legge che sospende i processi delle quattro pi\u00f9 alte cariche dello Stato \u00e8 stata bocciata per violazione dell&#8217;art. 138 della Costituzione, vale a dire l&#8217;obbligo di far ricorso a una legge costituzionale e non ordinaria. Il Lodo \u00e8 &#8230; <a title=\"Illegittimo il lodo Alfano\" class=\"read-more\" href=\"https:\/\/www.pasteris.it\/blog\/2009\/10\/07\/illegittimo-il-lodo-alfano\/\" aria-label=\"Per saperne di pi\u00f9 su Illegittimo il lodo Alfano\">Leggi tutto<\/a><\/p>\n","protected":false},"author":3,"featured_media":0,"comment_status":"open","ping_status":"open","sticky":false,"template":"","format":"standard","meta":{"footnotes":""},"categories":[11,1],"tags":[69,690,1101],"class_list":["post-13493","post","type-post","status-publish","format-standard","hentry","category-diritti","category-politica","tag-berlusconi","tag-giustizia","tag-lodo-alfano"],"_links":{"self":[{"href":"https:\/\/www.pasteris.it\/blog\/wp-json\/wp\/v2\/posts\/13493","targetHints":{"allow":["GET"]}}],"collection":[{"href":"https:\/\/www.pasteris.it\/blog\/wp-json\/wp\/v2\/posts"}],"about":[{"href":"https:\/\/www.pasteris.it\/blog\/wp-json\/wp\/v2\/types\/post"}],"author":[{"embeddable":true,"href":"https:\/\/www.pasteris.it\/blog\/wp-json\/wp\/v2\/users\/3"}],"replies":[{"embeddable":true,"href":"https:\/\/www.pasteris.it\/blog\/wp-json\/wp\/v2\/comments?post=13493"}],"version-history":[{"count":2,"href":"https:\/\/www.pasteris.it\/blog\/wp-json\/wp\/v2\/posts\/13493\/revisions"}],"predecessor-version":[{"id":13495,"href":"https:\/\/www.pasteris.it\/blog\/wp-json\/wp\/v2\/posts\/13493\/revisions\/13495"}],"wp:attachment":[{"href":"https:\/\/www.pasteris.it\/blog\/wp-json\/wp\/v2\/media?parent=13493"}],"wp:term":[{"taxonomy":"category","embeddable":true,"href":"https:\/\/www.pasteris.it\/blog\/wp-json\/wp\/v2\/categories?post=13493"},{"taxonomy":"post_tag","embeddable":true,"href":"https:\/\/www.pasteris.it\/blog\/wp-json\/wp\/v2\/tags?post=13493"}],"curies":[{"name":"wp","href":"https:\/\/api.w.org\/{rel}","templated":true}]}}