{"id":1350,"date":"2007-02-27T12:39:42","date_gmt":"2007-02-27T11:39:42","guid":{"rendered":"http:\/\/www.pasteris.it\/blog\/2007\/02\/27\/minicab-al-palo-zainetti-bloccati\/"},"modified":"2007-02-27T08:41:02","modified_gmt":"2007-02-27T07:41:02","slug":"minicab-al-palo-zainetti-bloccati","status":"publish","type":"post","link":"https:\/\/www.pasteris.it\/blog\/2007\/02\/27\/minicab-al-palo-zainetti-bloccati\/","title":{"rendered":"Minicab al palo: zainetti bloccati"},"content":{"rendered":"<p>Anti Digital Divide da alcune fonti ufficiose ha appreso che AGCOM starebbe bloccando la commercializzazione delle adsl di Telecom Italia, fornite attraverso Minicab. I Minicab, pi\u00f9 comunemente chiamati zainetti, sono delle apparecchiature che, sussistendo determinate condizioni, possono permettere di bypassare i mux, apparati fortemente limitanti, che impediscono il passaggio dell&#8217;adsl in molte localit\u00e0 italiane.<\/p>\n<p><!--more--><br \/>\nI MiniCAB, installati per ora nelle zone muxate delle grandi citt\u00e0, (Bari, Roma, ecc) avrebbero dovuto, secondo alcuni rumors, cominciare ad erogare il servizio adsl2+, nel mese di Febbraio. Da alcune fonti vicine a Telecom abbiamo appreso che i ritardi nell&#8217;applicazione degli zainetti sarebbero dovuti alle controversie nate tra Telecom e gli operatori alternativi, che fino ad ora, sembra, non abbiano avuto accesso alle apparecchiature che Telecom, ha montato in alcune citt\u00e0. Come dimostra anche la discussione sul nostro forum \u00e8 da diverse settimane che si vive una situazione di stallo dei lavori che, se portati a termine, potrebbero permettere a diversi digital divisi di essere coperti dalla banda larga.<\/p>\n<p>La normativa prevede che Telecom Italia, riconosciuto come operatore con significativo potere di mercato, deve mettere a disposizione degli altri OLO tutte le apparecchiature dell&#8217;infrastruttura di rete.<br \/>\nL&#8217;Agcom sembra si stia adoperando a tal fine e finch\u00e9 non &#8220;regolamenter\u00e0&#8221; l&#8217;accesso degli OLO (Other Licensed Operators) agli zainetti, Telecom ha il divieto di utilizzarli. La procedura corretta sarebbe stata quella di informare, sin dall&#8217;inizio dei lavori, gli operatori alternativi, invece Telecom, ha pensato bene di andare avanti nell&#8217;installazione degli apparati senza informare nessuno, infatti, non ha mai rilasciato dichiarazione ufficiale riguardo l\u2019utilizzo di tali apparati, tanto meno di averli testati.<\/p>\n<p>Ora che i lavori in alcune citt\u00e0 sono praticamente ultimati, la possibilit\u00e0 di ottenere l&#8217;adsl tramite queste apparecchiature sfumerebbe, a causa del divieto dell&#8217;autorit\u00e0 garante. Anche se Telecom Italia si \u00e8 guardata bene, come \u00e8 sua abitudine, dal contattarci, vogliamo spezzare una lancia a favore dell&#8217;incumbent, che ha investito in queste apparecchiature, che potrebbero risolvere il problema del digital divide in alcune citt\u00e0. Esortiamo quindi l&#8217;AGCOM a prendere un&#8217;immediata decisione su questo tema, alfine di limitare l&#8217;attesa di utenti, che gi\u00e0 da troppo tempo, aspettano la possibilit\u00e0 di potersi connettere alla rete a banda larga.<\/p>\n","protected":false},"excerpt":{"rendered":"<p>Anti Digital Divide da alcune fonti ufficiose ha appreso che AGCOM starebbe bloccando la commercializzazione delle adsl di Telecom Italia, fornite attraverso Minicab. I Minicab, pi\u00f9 comunemente chiamati zainetti, sono delle apparecchiature che, sussistendo determinate condizioni, possono permettere di bypassare i mux, apparati fortemente limitanti, che impediscono il passaggio dell&#8217;adsl in molte localit\u00e0 italiane.<\/p>\n","protected":false},"author":4,"featured_media":0,"comment_status":"open","ping_status":"open","sticky":false,"template":"","format":"standard","meta":{"footnotes":""},"categories":[],"tags":[61,2168,289,561],"class_list":["post-1350","post","type-post","status-publish","format-standard","hentry","tag-italia","tag-media","tag-roma","tag-tempo"],"_links":{"self":[{"href":"https:\/\/www.pasteris.it\/blog\/wp-json\/wp\/v2\/posts\/1350","targetHints":{"allow":["GET"]}}],"collection":[{"href":"https:\/\/www.pasteris.it\/blog\/wp-json\/wp\/v2\/posts"}],"about":[{"href":"https:\/\/www.pasteris.it\/blog\/wp-json\/wp\/v2\/types\/post"}],"author":[{"embeddable":true,"href":"https:\/\/www.pasteris.it\/blog\/wp-json\/wp\/v2\/users\/4"}],"replies":[{"embeddable":true,"href":"https:\/\/www.pasteris.it\/blog\/wp-json\/wp\/v2\/comments?post=1350"}],"version-history":[{"count":0,"href":"https:\/\/www.pasteris.it\/blog\/wp-json\/wp\/v2\/posts\/1350\/revisions"}],"wp:attachment":[{"href":"https:\/\/www.pasteris.it\/blog\/wp-json\/wp\/v2\/media?parent=1350"}],"wp:term":[{"taxonomy":"category","embeddable":true,"href":"https:\/\/www.pasteris.it\/blog\/wp-json\/wp\/v2\/categories?post=1350"},{"taxonomy":"post_tag","embeddable":true,"href":"https:\/\/www.pasteris.it\/blog\/wp-json\/wp\/v2\/tags?post=1350"}],"curies":[{"name":"wp","href":"https:\/\/api.w.org\/{rel}","templated":true}]}}