{"id":13687,"date":"2009-10-15T19:08:35","date_gmt":"2009-10-15T17:08:35","guid":{"rendered":"http:\/\/www.pasteris.it\/blog\/?p=13687"},"modified":"2009-10-15T19:14:40","modified_gmt":"2009-10-15T17:14:41","slug":"padellaro-fa-il-punto-sul-fatto-quotidiano","status":"publish","type":"post","link":"https:\/\/www.pasteris.it\/blog\/2009\/10\/15\/padellaro-fa-il-punto-sul-fatto-quotidiano\/","title":{"rendered":"Padellaro fa il punto sul Fatto Quotidiano"},"content":{"rendered":"<p><a href=\"http:\/\/www.affaritaliani.it\/mediatech\/antonio_padellaro_fatto_quotidiano141009.html\">Via Affari Italiani<\/a><\/p>\n<blockquote><p>Messi da parte i fuochi d&#8217;artificio del primo giorno, a che tiratura viaggiate ora?<br \/>\n&#8220;La media \u00e8 sulle 85mila copie. Ma in giornate particolari, come quella successiva alla bocciatura del Lodo Alfano, possiamo toccare anche quota 115mila&#8221;.<\/p>\n<p>Beh, di che si lamenta?<br \/>\n&#8220;Di niente. Pensi che il nostro obiettivo per stare a galla erano 10mila lettori. Ma, me lo lasci ripetere, escludo che questo sia un giornale da 100mila copie al giorno. Per averne anche la met\u00e0, andrei al Santuario della Madonna del Divino Amore a piedi&#8221;.<\/p>\n<p>Una bella passeggiata. Che magari le verr\u00e0 risparmiata dagli abbonati al giornale. 36mila, giusto?<br \/>\n&#8220;No, sono saliti. Ora siamo a 42mila&#8221;.<\/p>\n<p>&#8230;.<\/p>\n<p><!--more--><\/p>\n<p>E perch\u00e9 comprano Il Fatto?<\/p>\n<p>&#8220;La mia impressione \u00e8 che ci sia una forte componente d&#8217;appartenenza. Molti ci vedono come un giornale indipendente da qualsiasi potere politico-economico e ci comprano come testimonianza di una loro voglia di libert\u00e0&#8221;.<\/p>\n<p>Andiamo, confessi: a chi sta rubando lettori?<br \/>\n&#8220;A nessuno! Il bello dei giornali italiani \u00e8 che tutti sono col segno pi\u00f9! Tutti i quotidiani vantano delle cifre fantastiche, hanno un successo magnifico. Ne siamo molto felici, ecco&#8221;.<\/p>\n<p>Passiamo alle critiche che vi vengono rivolte. Numero uno, la distribuzione. Siete ancora parecchio assenti al Sud.<br \/>\n&#8220;E&#8217; vero. Ma le anticipo che l&#8217;espansione della distribuzione sar\u00e0 all&#8217;ordine del giorno del prossimo cda dell&#8217;azienda&#8221;.<\/p>\n<p>Prima critica aggirata. Seconda: i refusi. Un giorno c&#8217;era un &#8220;Abbruzzo&#8221; con due b. E dai&#8230;<br \/>\n&#8220;I refusi ci sono, \u00e8 inutile prendersi in giro. Ma le anticipo anche che ci stiamo attrezzando per prevenirli. Presto chiameremo dei correttori di bozze. E poi, mi perdoni, ma siamo pochissimi&#8221;.<\/p>\n<p>Immagino. Quanti siete?<br \/>\n&#8220;Io faccio un giornale con un desk di dieci-undici giornalisti, anche perch\u00e9 eravamo partiti pensando di vendere 10mila copie. Tant&#8217;\u00e8 vero che all&#8217;inizio le pagine erano sedici. Ora sono salite a venti. E di qui, nonostante le pressioni che vengono dalla redazione, non mi schiodo&#8221;.<\/p>\n<p>E perch\u00e9?<br \/>\n&#8220;Perch\u00e9, al momento attuale, non le sosterremmo. Dobbiamo misurare bene le energie, non strafare per non ritrovarci col fiato corto. E poi noi abbiamo un problema enorme. Sa a che ora chiudiamo il giornale?&#8221;.<\/p>\n<p>Alle 23?<br \/>\n&#8220;Macch\u00e9. Noi dobbiamo chiudere per le\u00a021 spaccate. Nei centri di stampa abbiamo una finestra temporale che chiude verso le\u00a022 e 30. Poi bisogna far spazio agli altri giornali, come La Stampa o Libero. Ogni sera ci ritroviamo tutti con la lingua di fuori. E a me stanno saltando le coronarie. Per questo stiamo pensando di sfruttare un terzo centro di stampa, che si aggiungerebbe a quelli di Milano e Roma&#8221;.<\/p>\n<p>Passiamo alle altre obiezioni: c&#8217;\u00e8 chi trova la grafica del Fatto un po&#8217; retr\u00f2.<br \/>\n&#8220;Mah, ce l&#8217;hanno detto in molti. Premesso che il nostro Paolo Isidori \u00e8 uno dei migliori grafici italiani, pu\u00f2 darsi che qualche caratteristica, tipo l&#8217;uso dei caratteri bastoni nei titoli, possa sembrare un po&#8217; pesante&#8221;.<\/p>\n<p>Eh, un pochino.<br \/>\n&#8220;Pu\u00f2 darsi che, avendo noi immaginato un giornale di nicchia, abbiamo pensato di poterci permettere un design un po&#8217; pi\u00f9 sui generis. Oggi, con un&#8217;utenza pi\u00f9 diffusa, potremmo cambiare qualcosa. Non c&#8217;\u00e8 problema&#8221;.<\/p>\n<p>Quindi, che\u00a0cosa cambierete?<br \/>\n&#8220;Mah, io trovo che la prima pagina sia molto pulita. La seconda parte, costituita dalle rubriche e dalle lettere, \u00e8 anch&#8217;essa elegante. Effettivamente pare un po&#8217; disordinata la parte centrale, dedicata all&#8217;attualit\u00e0. Ovviamente non per colpa dei grafici, ma di noi giornalisti, che interveniamo, modifichiamo, ecc.&#8221;.<\/p><\/blockquote>\n","protected":false},"excerpt":{"rendered":"<p>Via Affari Italiani Messi da parte i fuochi d&#8217;artificio del primo giorno, a che tiratura viaggiate ora? &#8220;La media \u00e8 sulle 85mila copie. Ma in giornate particolari, come quella successiva alla bocciatura del Lodo Alfano, possiamo toccare anche quota 115mila&#8221;. Beh, di che si lamenta? &#8220;Di niente. Pensi che il nostro obiettivo per stare a &#8230; <a title=\"Padellaro fa il punto sul Fatto Quotidiano\" class=\"read-more\" href=\"https:\/\/www.pasteris.it\/blog\/2009\/10\/15\/padellaro-fa-il-punto-sul-fatto-quotidiano\/\" aria-label=\"Per saperne di pi\u00f9 su Padellaro fa il punto sul Fatto Quotidiano\">Leggi tutto<\/a><\/p>\n","protected":false},"author":3,"featured_media":0,"comment_status":"open","ping_status":"open","sticky":false,"template":"","format":"standard","meta":{"footnotes":""},"categories":[17,1,30],"tags":[159,906],"class_list":["post-13687","post","type-post","status-publish","format-standard","hentry","category-economia","category-politica","category-media","tag-giornali","tag-il-fatto"],"_links":{"self":[{"href":"https:\/\/www.pasteris.it\/blog\/wp-json\/wp\/v2\/posts\/13687","targetHints":{"allow":["GET"]}}],"collection":[{"href":"https:\/\/www.pasteris.it\/blog\/wp-json\/wp\/v2\/posts"}],"about":[{"href":"https:\/\/www.pasteris.it\/blog\/wp-json\/wp\/v2\/types\/post"}],"author":[{"embeddable":true,"href":"https:\/\/www.pasteris.it\/blog\/wp-json\/wp\/v2\/users\/3"}],"replies":[{"embeddable":true,"href":"https:\/\/www.pasteris.it\/blog\/wp-json\/wp\/v2\/comments?post=13687"}],"version-history":[{"count":3,"href":"https:\/\/www.pasteris.it\/blog\/wp-json\/wp\/v2\/posts\/13687\/revisions"}],"predecessor-version":[{"id":13689,"href":"https:\/\/www.pasteris.it\/blog\/wp-json\/wp\/v2\/posts\/13687\/revisions\/13689"}],"wp:attachment":[{"href":"https:\/\/www.pasteris.it\/blog\/wp-json\/wp\/v2\/media?parent=13687"}],"wp:term":[{"taxonomy":"category","embeddable":true,"href":"https:\/\/www.pasteris.it\/blog\/wp-json\/wp\/v2\/categories?post=13687"},{"taxonomy":"post_tag","embeddable":true,"href":"https:\/\/www.pasteris.it\/blog\/wp-json\/wp\/v2\/tags?post=13687"}],"curies":[{"name":"wp","href":"https:\/\/api.w.org\/{rel}","templated":true}]}}