{"id":13745,"date":"2009-10-18T22:08:11","date_gmt":"2009-10-18T20:08:11","guid":{"rendered":"http:\/\/www.pasteris.it\/blog\/?p=13745"},"modified":"2009-10-18T22:08:11","modified_gmt":"2009-10-18T20:08:11","slug":"il-giornale-e-repubblica-crescono-a-settembre","status":"publish","type":"post","link":"https:\/\/www.pasteris.it\/blog\/2009\/10\/18\/il-giornale-e-repubblica-crescono-a-settembre\/","title":{"rendered":"Il Giornale e Repubblica crescono a settembre"},"content":{"rendered":"<p><a href=\"http:\/\/www.dagospia.com\/rubrica-2\/media_e_tv\/articolo-10101\/1.htm\"> per Italia Oggi Via Dagospia<\/a><\/p>\n<blockquote><p>Chiss\u00e0, forse questo \u00e8 solo il primo passo e Vittorio Feltri continuer\u00e0 nella sua scalata alle 250 mila copie promesse. Fatto sta che una crescita del 22,3% nelle vendite in un solo mese di guida \u00e8 un risultato strabiliante. Si traduce in 40 mila e 200 persone in pi\u00f9 che hanno acquistato il quotidiano a settembre, portando le copie a 220.117, contro le 180 mila di un anno fa. E il bello \u00e8 che si tratta di un risultato netto, assicurano dalla casa editrice, un \u00abFeltri netto\u00bb, che non ha goduto di promozioni.<\/p>\n<p>Dopotutto settembre \u00e8 stato un mese di fuoco, con polemiche a non finire, scatenate gi\u00e0 dal 22 agosto, giorno in cui Feltri ha sostituito Mario Giordano alla guida del Giornale, e ravvivate continuamente. La pi\u00f9 grande quella che ha avuto come protagonista suo malgrado Dino Boffo, e che lo ha disarcionato dalla guida di Avvenire.<\/p>\n<p><!--more--><\/p>\n<p>E a questo proposito, come si \u00e8 comportato il quotidiano dei vescovi nel primo mese da orfano del direttore che lo guidava dal 1994? Non male, visto che ha guadagnato quasi 3 mila copie (+3%), passando dalle 96.859 del settembre 2008 alle 99.769 dello scorso mese. La polemica, evidentemente, ha giovato anche al quotidiano colpito.<\/p>\n<p>In molti si chiedevano se Libero avrebbe retto all&#8217;abbandono di Feltri, suo fondatore. La risposta \u00e8 positiva: perde 4.776 copie arrivando a 121.255 (-3,8%), non poche, certo, ma nemmeno un abbandono in massa dei lettori per seguire l&#8217;ex direttore. Il dato non \u00e8 negativo, per altro, perch\u00e9 si pu\u00f2 confrontare con le copie di luglio e agosto di quest&#8217;anno, 116.611 e 111.040 rispettivamente. Dopotutto la sostituzione con Maurizio Belpietro per l&#8217;editore non \u00e8 stato certo un ripiego.<\/p>\n<p>La sorpresa nei dati di settembre del panel Fieg arriva sul fronte Repubblica-Corriere: il quotidiano di Ezio Mauro negli ultimi due mesi si \u00e8 avvicinato parecchio a quello di Ferruccio de Bortoli: lo separano soltanto 15.533 copie. Indubbiamente la posizione di sostanziale equilibrio del Corriere in un periodo di scontri politici e giornalistici ha portato a questo risultato: il fuoco incrociato ha fatto aumentare i sostenitori di Repubblica da una parte e del Giornale dall&#8217;altra, mentre il Corsera ha retto senza exploit. I numeri in edicola (dichiarati dagli stessi editori) esclusi gli abbonamenti spiegano appieno quanto \u00e8 successo: Giornale +44%, Repubblica +6%, Corsera +1%.<\/p>\n<p>Il confronto con l&#8217;anno passato per Repubblica e Corriere d\u00e0 ancora risultati differenti: per il quotidiano romano sembra in via di esaurimento, o comunque pesa ormai poco, l&#8217;effetto della pulizia delle diffusioni, con l&#8217;eliminazione di copie gratuite e delle vendite a pacchetto, cominciato pi\u00f9 di un anno fa. Il progresso \u00e8 infatti dello 0,1%, 484 copie in pi\u00f9 a quota 517.309. Come detto, nella sola edicola si ha un +6%.<\/p>\n<p>Via Solferino ha invece cominciato pi\u00f9 tardi questo processo e l&#8217;effetto negativo sui numeri si avr\u00e0 ancora per qualche mese, senza contare che un&#8217;altra tranche di tagli sulle copie promozionali e le diffusioni all&#8217;estero c&#8217;\u00e8 stata anche a settembre. Di fatto il calo \u00e8 del 9%: 532.842 copie. Discorso simile per la Gazzetta dello Sport: -8,4% arrivata a 377.256 copie.<\/p>\n<p>La Stampa \u00e8 sostanzialmente stabile: 300.200 copie (-0,3%), mentre \u00e8 pi\u00f9 consistente il calo del Messaggero: -2,2%, 4.500 copie perse in termini assoluti. La performance peggiore, per\u00f2, la fa il Sole-24Ore: -18,7%, oltre 61,2 mila copie sul terreno, passando dalle 326.786 alle 265.582. Alla testata di Confindustria, per\u00f2, si possono concedere le stesse attenuanti del Corsera, perch\u00e9 ha iniziato soltanto ad aprile la pulizia delle diffusioni. C&#8217;\u00e8 poi un altro fattore da considerare: settembre 2009 si confronta con un analogo mese del 2008 eccezionale per la cronaca relativa al fallimento di Lehman Brothers e alla crisi economica.<\/p><\/blockquote>\n","protected":false},"excerpt":{"rendered":"<p>per Italia Oggi Via Dagospia Chiss\u00e0, forse questo \u00e8 solo il primo passo e Vittorio Feltri continuer\u00e0 nella sua scalata alle 250 mila copie promesse. Fatto sta che una crescita del 22,3% nelle vendite in un solo mese di guida \u00e8 un risultato strabiliante. Si traduce in 40 mila e 200 persone in pi\u00f9 che &#8230; <a title=\"Il Giornale e Repubblica crescono a settembre\" class=\"read-more\" href=\"https:\/\/www.pasteris.it\/blog\/2009\/10\/18\/il-giornale-e-repubblica-crescono-a-settembre\/\" aria-label=\"Per saperne di pi\u00f9 su Il Giornale e Repubblica crescono a settembre\">Leggi tutto<\/a><\/p>\n","protected":false},"author":3,"featured_media":0,"comment_status":"open","ping_status":"open","sticky":false,"template":"","format":"standard","meta":{"footnotes":""},"categories":[17,30],"tags":[809,159],"class_list":["post-13745","post","type-post","status-publish","format-standard","hentry","category-economia","category-media","tag-fieg","tag-giornali"],"_links":{"self":[{"href":"https:\/\/www.pasteris.it\/blog\/wp-json\/wp\/v2\/posts\/13745","targetHints":{"allow":["GET"]}}],"collection":[{"href":"https:\/\/www.pasteris.it\/blog\/wp-json\/wp\/v2\/posts"}],"about":[{"href":"https:\/\/www.pasteris.it\/blog\/wp-json\/wp\/v2\/types\/post"}],"author":[{"embeddable":true,"href":"https:\/\/www.pasteris.it\/blog\/wp-json\/wp\/v2\/users\/3"}],"replies":[{"embeddable":true,"href":"https:\/\/www.pasteris.it\/blog\/wp-json\/wp\/v2\/comments?post=13745"}],"version-history":[{"count":2,"href":"https:\/\/www.pasteris.it\/blog\/wp-json\/wp\/v2\/posts\/13745\/revisions"}],"predecessor-version":[{"id":13751,"href":"https:\/\/www.pasteris.it\/blog\/wp-json\/wp\/v2\/posts\/13745\/revisions\/13751"}],"wp:attachment":[{"href":"https:\/\/www.pasteris.it\/blog\/wp-json\/wp\/v2\/media?parent=13745"}],"wp:term":[{"taxonomy":"category","embeddable":true,"href":"https:\/\/www.pasteris.it\/blog\/wp-json\/wp\/v2\/categories?post=13745"},{"taxonomy":"post_tag","embeddable":true,"href":"https:\/\/www.pasteris.it\/blog\/wp-json\/wp\/v2\/tags?post=13745"}],"curies":[{"name":"wp","href":"https:\/\/api.w.org\/{rel}","templated":true}]}}