{"id":13778,"date":"2009-10-20T08:04:07","date_gmt":"2009-10-20T06:04:07","guid":{"rendered":"http:\/\/www.pasteris.it\/blog\/?p=13778"},"modified":"2009-10-20T08:04:07","modified_gmt":"2009-10-20T06:04:07","slug":"la-chiavetta-usb-di-sky-per-il-digitale-terrestre","status":"publish","type":"post","link":"https:\/\/www.pasteris.it\/blog\/2009\/10\/20\/la-chiavetta-usb-di-sky-per-il-digitale-terrestre\/","title":{"rendered":"La chiavetta USB di Sky per il digitale terrestre"},"content":{"rendered":"<p>Sky ha deciso di aprire un nuovo fronte sul DTT <a href=\"http:\/\/www.gazzetta.it\/Calcio\/19-10-2009\/sky-lancia-digital-key--501677149929.shtml\">Via la Gazzetta dello Sport<\/a><\/p>\n<blockquote><p><img decoding=\"async\" class=\"alignright\" title=\"La Digital Key che consente di accedere a tutti i canali del digitale terrestre. \" src=\"http:\/\/images.gazzetta.it\/Media\/Foto\/2009\/10\/19\/sky_01--300x145.jpg\" alt=\"La Digital Key che consente di accedere a tutti i canali del digitale terrestre. \" \/>Una penna Usb per accedere ai canali gratuiti disponibili sul digitale terrestre. L&#8217;offerta \u00e8 di Sky, che lancer\u00e0 a dicembre la Digital Key, un nuovo strumento che &#8211; spiega la societ\u00e0 in una nota &#8211; semplificher\u00e0 l\u2019accesso a tutti i canali in chiaro presenti sulle principali piattaforme televisive, con un unico decoder e un solo telecomando: per consentire ai propri abbonati di completare il passaggio alla tv digitale accedendo anche ai canali gratuiti disponibili sul digitale terrestre. La penna Usb con funzione di sintonizzatore tv digitale terrestre collegata al decoder SKY HD o My Sky HD, consentir\u00e0 di accedere a tutti i canali in chiaro disponibili sul digitale terrestre in un modo semplice ed economico. Inoltre- aggiunge la nota Sky &#8211; i canali HD passeranno, entro il 2010, da 16 a 30. Per vederli sar\u00e0 offerto a tutti gli abbonati un televisore full HD con soli 50 euro di anticipo e rate a partire da 6 euro al mese.<\/p><\/blockquote>\n","protected":false},"excerpt":{"rendered":"<p>Sky ha deciso di aprire un nuovo fronte sul DTT Via la Gazzetta dello Sport Una penna Usb per accedere ai canali gratuiti disponibili sul digitale terrestre. L&#8217;offerta \u00e8 di Sky, che lancer\u00e0 a dicembre la Digital Key, un nuovo strumento che &#8211; spiega la societ\u00e0 in una nota &#8211; semplificher\u00e0 l\u2019accesso a tutti i &#8230; <a title=\"La chiavetta USB di Sky per il digitale terrestre\" class=\"read-more\" href=\"https:\/\/www.pasteris.it\/blog\/2009\/10\/20\/la-chiavetta-usb-di-sky-per-il-digitale-terrestre\/\" aria-label=\"Per saperne di pi\u00f9 su La chiavetta USB di Sky per il digitale terrestre\">Leggi tutto<\/a><\/p>\n","protected":false},"author":3,"featured_media":0,"comment_status":"open","ping_status":"open","sticky":false,"template":"","format":"standard","meta":{"footnotes":""},"categories":[17,30],"tags":[752,1048,281,1111],"class_list":["post-13778","post","type-post","status-publish","format-standard","hentry","category-economia","category-media","tag-digitale-terrestre","tag-mediaset-premium","tag-rai","tag-skyitalia"],"_links":{"self":[{"href":"https:\/\/www.pasteris.it\/blog\/wp-json\/wp\/v2\/posts\/13778","targetHints":{"allow":["GET"]}}],"collection":[{"href":"https:\/\/www.pasteris.it\/blog\/wp-json\/wp\/v2\/posts"}],"about":[{"href":"https:\/\/www.pasteris.it\/blog\/wp-json\/wp\/v2\/types\/post"}],"author":[{"embeddable":true,"href":"https:\/\/www.pasteris.it\/blog\/wp-json\/wp\/v2\/users\/3"}],"replies":[{"embeddable":true,"href":"https:\/\/www.pasteris.it\/blog\/wp-json\/wp\/v2\/comments?post=13778"}],"version-history":[{"count":1,"href":"https:\/\/www.pasteris.it\/blog\/wp-json\/wp\/v2\/posts\/13778\/revisions"}],"predecessor-version":[{"id":13779,"href":"https:\/\/www.pasteris.it\/blog\/wp-json\/wp\/v2\/posts\/13778\/revisions\/13779"}],"wp:attachment":[{"href":"https:\/\/www.pasteris.it\/blog\/wp-json\/wp\/v2\/media?parent=13778"}],"wp:term":[{"taxonomy":"category","embeddable":true,"href":"https:\/\/www.pasteris.it\/blog\/wp-json\/wp\/v2\/categories?post=13778"},{"taxonomy":"post_tag","embeddable":true,"href":"https:\/\/www.pasteris.it\/blog\/wp-json\/wp\/v2\/tags?post=13778"}],"curies":[{"name":"wp","href":"https:\/\/api.w.org\/{rel}","templated":true}]}}