{"id":1378,"date":"2007-03-05T14:58:29","date_gmt":"2007-03-05T13:58:29","guid":{"rendered":"http:\/\/www.pasteris.it\/blog\/2007\/03\/05\/wind-mantiene-i-costi-di-ricarica\/"},"modified":"2007-03-05T14:59:13","modified_gmt":"2007-03-05T13:59:13","slug":"wind-mantiene-i-costi-di-ricarica","status":"publish","type":"post","link":"https:\/\/www.pasteris.it\/blog\/2007\/03\/05\/wind-mantiene-i-costi-di-ricarica\/","title":{"rendered":"Wind mantiene i costi di ricarica"},"content":{"rendered":"<p>Da <a target=\"_blank\" href=\"http:\/\/www.zeusnews.com\/index.php3?ar=stampa&#038;cod=5467&#038;numero=999\">Zeus News<\/a><\/p>\n<p>In Italia succedono cose che sarebbero incredibili in qualsiasi altro Paese. Per esempio Wind ha deciso di non applicare a tutti i i propri utenti il decreto del governo Prodi che <a href=\"http:\/\/www.zeusnews.com\/news.php?cod=5377\">abolisce i costi di ricarica<\/a> dei cellulari, ma <a href=\"http:\/\/www.zeusnews.com\/news.php?cod=5459\">solo ai nuovi clienti<\/a> e a chi cambia profilo tariffario.<\/p>\n<p>L&#8217;Authority dovr\u00e0 valutare se questa decisione \u00e8 coerente e trasparente; ma il Codacons, importante associazione dei consumatori ha deciso di denunciare Wind. Il bello \u00e8 che questa decisione \u00e8 stata assunta da Wind in base a un parere legale dello studio Jaeger-Libonati, studio guidato dall&#8217;avvocato <a href=\"http:\/\/www.zeusnews.com\/news.php?cod=5395\">Berardino Libonati<\/a>, che lo stesso governo Prodi ha nominato pochi giorni fa presidente di Alitalia.<\/p>\n","protected":false},"excerpt":{"rendered":"<p>Da Zeus News In Italia succedono cose che sarebbero incredibili in qualsiasi altro Paese. Per esempio Wind ha deciso di non applicare a tutti i i propri utenti il decreto del governo Prodi che abolisce i costi di ricarica dei cellulari, ma solo ai nuovi clienti e a chi cambia profilo tariffario. L&#8217;Authority dovr\u00e0 valutare &#8230; <a title=\"Wind mantiene i costi di ricarica\" class=\"read-more\" href=\"https:\/\/www.pasteris.it\/blog\/2007\/03\/05\/wind-mantiene-i-costi-di-ricarica\/\" aria-label=\"Per saperne di pi\u00f9 su Wind mantiene i costi di ricarica\">Leggi tutto<\/a><\/p>\n","protected":false},"author":4,"featured_media":0,"comment_status":"open","ping_status":"open","sticky":false,"template":"","format":"standard","meta":{"footnotes":""},"categories":[],"tags":[45,92,165,61,275,498],"class_list":["post-1378","post","type-post","status-publish","format-standard","hentry","tag-alitalia","tag-cellulari","tag-governo","tag-italia","tag-prodi","tag-zeusnews"],"_links":{"self":[{"href":"https:\/\/www.pasteris.it\/blog\/wp-json\/wp\/v2\/posts\/1378","targetHints":{"allow":["GET"]}}],"collection":[{"href":"https:\/\/www.pasteris.it\/blog\/wp-json\/wp\/v2\/posts"}],"about":[{"href":"https:\/\/www.pasteris.it\/blog\/wp-json\/wp\/v2\/types\/post"}],"author":[{"embeddable":true,"href":"https:\/\/www.pasteris.it\/blog\/wp-json\/wp\/v2\/users\/4"}],"replies":[{"embeddable":true,"href":"https:\/\/www.pasteris.it\/blog\/wp-json\/wp\/v2\/comments?post=1378"}],"version-history":[{"count":0,"href":"https:\/\/www.pasteris.it\/blog\/wp-json\/wp\/v2\/posts\/1378\/revisions"}],"wp:attachment":[{"href":"https:\/\/www.pasteris.it\/blog\/wp-json\/wp\/v2\/media?parent=1378"}],"wp:term":[{"taxonomy":"category","embeddable":true,"href":"https:\/\/www.pasteris.it\/blog\/wp-json\/wp\/v2\/categories?post=1378"},{"taxonomy":"post_tag","embeddable":true,"href":"https:\/\/www.pasteris.it\/blog\/wp-json\/wp\/v2\/tags?post=1378"}],"curies":[{"name":"wp","href":"https:\/\/api.w.org\/{rel}","templated":true}]}}