{"id":1381,"date":"2007-03-05T17:12:51","date_gmt":"2007-03-05T16:12:51","guid":{"rendered":"http:\/\/www.pasteris.it\/blog\/2007\/03\/05\/rapporto-assinform-2007\/"},"modified":"2007-03-05T15:51:36","modified_gmt":"2007-03-05T14:51:36","slug":"rapporto-assinform-2007","status":"publish","type":"post","link":"https:\/\/www.pasteris.it\/blog\/2007\/03\/05\/rapporto-assinform-2007\/","title":{"rendered":"Rapporto Assinform 2007"},"content":{"rendered":"<p>Marted\u00ec 6 Marzo 2007 a Milano si svolger\u00e0 presso l&#8217;Auditorium Gi\u00f2 Ponti di Assolombarda, l&#8217;incontro\/conferenza stampa organizzata da AITech Assinform, l&#8217;associazione nazionale aderente a Confindustria delle aziende operanti nel settore dell&#8217;Information Technology, nel corso della quale verranno resi noti i <a target=\"_blank\" href=\"http:\/\/www.rapportoassinform.it\/\">dati in anteprima del mercato ICT 2006, tratti dal Rapporto Assinform 2007<\/a><\/p>\n<p>In bocca al lupo all&#8217;ICT italiana, ne ha bisogno ! Dopo anni di furbetti del quartierino ICT &#8230;<\/p>\n","protected":false},"excerpt":{"rendered":"<p>Marted\u00ec 6 Marzo 2007 a Milano si svolger\u00e0 presso l&#8217;Auditorium Gi\u00f2 Ponti di Assolombarda, l&#8217;incontro\/conferenza stampa organizzata da AITech Assinform, l&#8217;associazione nazionale aderente a Confindustria delle aziende operanti nel settore dell&#8217;Information Technology, nel corso della quale verranno resi noti i dati in anteprima del mercato ICT 2006, tratti dal Rapporto Assinform 2007 In bocca al &#8230; <a title=\"Rapporto Assinform 2007\" class=\"read-more\" href=\"https:\/\/www.pasteris.it\/blog\/2007\/03\/05\/rapporto-assinform-2007\/\" aria-label=\"Per saperne di pi\u00f9 su Rapporto Assinform 2007\">Leggi tutto<\/a><\/p>\n","protected":false},"author":4,"featured_media":0,"comment_status":"open","ping_status":"open","sticky":false,"template":"","format":"standard","meta":{"footnotes":""},"categories":[],"tags":[230],"class_list":["post-1381","post","type-post","status-publish","format-standard","hentry","tag-milano"],"_links":{"self":[{"href":"https:\/\/www.pasteris.it\/blog\/wp-json\/wp\/v2\/posts\/1381","targetHints":{"allow":["GET"]}}],"collection":[{"href":"https:\/\/www.pasteris.it\/blog\/wp-json\/wp\/v2\/posts"}],"about":[{"href":"https:\/\/www.pasteris.it\/blog\/wp-json\/wp\/v2\/types\/post"}],"author":[{"embeddable":true,"href":"https:\/\/www.pasteris.it\/blog\/wp-json\/wp\/v2\/users\/4"}],"replies":[{"embeddable":true,"href":"https:\/\/www.pasteris.it\/blog\/wp-json\/wp\/v2\/comments?post=1381"}],"version-history":[{"count":0,"href":"https:\/\/www.pasteris.it\/blog\/wp-json\/wp\/v2\/posts\/1381\/revisions"}],"wp:attachment":[{"href":"https:\/\/www.pasteris.it\/blog\/wp-json\/wp\/v2\/media?parent=1381"}],"wp:term":[{"taxonomy":"category","embeddable":true,"href":"https:\/\/www.pasteris.it\/blog\/wp-json\/wp\/v2\/categories?post=1381"},{"taxonomy":"post_tag","embeddable":true,"href":"https:\/\/www.pasteris.it\/blog\/wp-json\/wp\/v2\/tags?post=1381"}],"curies":[{"name":"wp","href":"https:\/\/api.w.org\/{rel}","templated":true}]}}