{"id":14038,"date":"2009-10-29T19:52:28","date_gmt":"2009-10-29T18:52:28","guid":{"rendered":"http:\/\/www.pasteris.it\/blog\/?p=14038"},"modified":"2009-10-30T00:53:58","modified_gmt":"2009-10-29T23:53:58","slug":"una-citta-write-only","status":"publish","type":"post","link":"https:\/\/www.pasteris.it\/blog\/2009\/10\/29\/una-citta-write-only\/","title":{"rendered":"Una citt\u00e0 write only"},"content":{"rendered":"<p><a href=\"http:\/\/bertola.eu\/nearatree\/?p=1618\">Via Vittorio Bertola<\/a><\/p>\n<blockquote><p>Lo scopo dichiarato della manifestazione \u00e8 quello di far parlare i maggiorenti cittadini con <em>\u201cla gente\u201d<\/em>, magari sperando di renderceli un po\u2019 pi\u00f9 simpatici, ma partendo dall\u2019idea, come scrive La Stampa, di <em>\u201cinsegnare ai giovani come sfondare nel lavoro\u201d<\/em>. Ora, francamente \u00e8 meglio non indagare su come molte di queste persone siano arrivate ad essere l\u00ec, se l\u2019abbiano fatto per merito o per diritto di nascita, per raccomandazione, per favori di vario genere prestati a persone potenti. Mi spiace non essere a Torino in questi giorni, perch\u00e9 sarei andato a fare qualche domanda scomoda ad alcuni di loro, con il sospetto che mi avrebbero buttato fuori, perch\u00e9, si sa, queste manifestazioni sono <em>\u201cwrite-only\u201d<\/em>: si parla di <em>\u201cdialogo\u201d<\/em> ma ci\u00f2 che molti di loro in realt\u00e0 intendono &#8211; specialmente i politici &#8211; \u00e8 avere un palco per farsi promozione personale; e sospetto davvero che lo scopo non dichiarato della manifestazione sia quello di fare un po\u2019 di pubblicit\u00e0, coi nostri soldi, alla classe dirigente mediocre e provinciale di una citt\u00e0 in declino.<\/p><\/blockquote>\n","protected":false},"excerpt":{"rendered":"<p>Via Vittorio Bertola Lo scopo dichiarato della manifestazione \u00e8 quello di far parlare i maggiorenti cittadini con \u201cla gente\u201d, magari sperando di renderceli un po\u2019 pi\u00f9 simpatici, ma partendo dall\u2019idea, come scrive La Stampa, di \u201cinsegnare ai giovani come sfondare nel lavoro\u201d. Ora, francamente \u00e8 meglio non indagare su come molte di queste persone siano &#8230; <a title=\"Una citt\u00e0 write only\" class=\"read-more\" href=\"https:\/\/www.pasteris.it\/blog\/2009\/10\/29\/una-citta-write-only\/\" aria-label=\"Per saperne di pi\u00f9 su Una citt\u00e0 write only\">Leggi tutto<\/a><\/p>\n","protected":false},"author":3,"featured_media":0,"comment_status":"open","ping_status":"open","sticky":false,"template":"","format":"standard","meta":{"footnotes":""},"categories":[14],"tags":[604,2160],"class_list":["post-14038","post","type-post","status-publish","format-standard","hentry","category-torino","tag-bertola","tag-torino"],"_links":{"self":[{"href":"https:\/\/www.pasteris.it\/blog\/wp-json\/wp\/v2\/posts\/14038","targetHints":{"allow":["GET"]}}],"collection":[{"href":"https:\/\/www.pasteris.it\/blog\/wp-json\/wp\/v2\/posts"}],"about":[{"href":"https:\/\/www.pasteris.it\/blog\/wp-json\/wp\/v2\/types\/post"}],"author":[{"embeddable":true,"href":"https:\/\/www.pasteris.it\/blog\/wp-json\/wp\/v2\/users\/3"}],"replies":[{"embeddable":true,"href":"https:\/\/www.pasteris.it\/blog\/wp-json\/wp\/v2\/comments?post=14038"}],"version-history":[{"count":2,"href":"https:\/\/www.pasteris.it\/blog\/wp-json\/wp\/v2\/posts\/14038\/revisions"}],"predecessor-version":[{"id":14040,"href":"https:\/\/www.pasteris.it\/blog\/wp-json\/wp\/v2\/posts\/14038\/revisions\/14040"}],"wp:attachment":[{"href":"https:\/\/www.pasteris.it\/blog\/wp-json\/wp\/v2\/media?parent=14038"}],"wp:term":[{"taxonomy":"category","embeddable":true,"href":"https:\/\/www.pasteris.it\/blog\/wp-json\/wp\/v2\/categories?post=14038"},{"taxonomy":"post_tag","embeddable":true,"href":"https:\/\/www.pasteris.it\/blog\/wp-json\/wp\/v2\/tags?post=14038"}],"curies":[{"name":"wp","href":"https:\/\/api.w.org\/{rel}","templated":true}]}}