{"id":1417,"date":"2007-03-13T06:43:41","date_gmt":"2007-03-13T05:43:41","guid":{"rendered":"http:\/\/www.pasteris.it\/blog\/2007\/03\/13\/il-litcamp-il-12-maggio-al-circolo-dei-lettori\/"},"modified":"2007-03-13T06:43:41","modified_gmt":"2007-03-13T05:43:41","slug":"il-litcamp-il-12-maggio-al-circolo-dei-lettori","status":"publish","type":"post","link":"https:\/\/www.pasteris.it\/blog\/2007\/03\/13\/il-litcamp-il-12-maggio-al-circolo-dei-lettori\/","title":{"rendered":"Il Litcamp il 12 maggio al Circolo dei Lettori"},"content":{"rendered":"<p><img decoding=\"async\" align=\"right\" id=\"image1416\" alt=\"circololettori.gif\" src=\"http:\/\/www.pasteris.it\/blog\/wp-content\/uploads\/2007\/03\/circololettori.miniatura.gif\" \/>La notizia \u00e8 praticamente ufficiale ed \u00e8 decisamente ghiotta<\/p>\n<p>Il <a target=\"_blank\" href=\"http:\/\/barcamp.org\/LitCamp\">Litcamp<\/a> torinese, il barcamp dedicato alla letteratura, si svolger\u00e0 il 12 maggio 2007 in contemporanea con la Fiera del Libro dalle 10 alle 18 presso le tre sale messe a disposizione nel<a target=\"_blank\" href=\"http:\/\/www.circololettori.it\/\"> Circolo dei Lettori<\/a> in via <a target=\"_blank\" href=\"http:\/\/maps.google.it\/maps?f=q&#038;hl=it&#038;q=torino,+Bogino+9&#038;sll=45.070365,7.686865&#038;sspn=0.106686,0.233459&#038;layer=&#038;ie=UTF8&#038;z=16&#038;ll=45.069247,7.687619&#038;spn=0.006668,0.021629&#038;t=h&#038;om=1\">Bogino 9<\/a>, in pieno centro di Torino in un prestigioso edificio con una grande storia, il palazzo Graneri della Roccia, ex Circolo degli Artisti.<\/p>\n<p>Un luogo splendido per un evento che si prevede molto interessante<\/p>\n","protected":false},"excerpt":{"rendered":"<p>La notizia \u00e8 praticamente ufficiale ed \u00e8 decisamente ghiotta Il Litcamp torinese, il barcamp dedicato alla letteratura, si svolger\u00e0 il 12 maggio 2007 in contemporanea con la Fiera del Libro dalle 10 alle 18 presso le tre sale messe a disposizione nel Circolo dei Lettori in via Bogino 9, in pieno centro di Torino in &#8230; <a title=\"Il Litcamp il 12 maggio al Circolo dei Lettori\" class=\"read-more\" href=\"https:\/\/www.pasteris.it\/blog\/2007\/03\/13\/il-litcamp-il-12-maggio-al-circolo-dei-lettori\/\" aria-label=\"Per saperne di pi\u00f9 su Il Litcamp il 12 maggio al Circolo dei Lettori\">Leggi tutto<\/a><\/p>\n","protected":false},"author":4,"featured_media":0,"comment_status":"open","ping_status":"open","sticky":false,"template":"","format":"standard","meta":{"footnotes":""},"categories":[],"tags":[2160],"class_list":["post-1417","post","type-post","status-publish","format-standard","hentry","tag-torino"],"_links":{"self":[{"href":"https:\/\/www.pasteris.it\/blog\/wp-json\/wp\/v2\/posts\/1417","targetHints":{"allow":["GET"]}}],"collection":[{"href":"https:\/\/www.pasteris.it\/blog\/wp-json\/wp\/v2\/posts"}],"about":[{"href":"https:\/\/www.pasteris.it\/blog\/wp-json\/wp\/v2\/types\/post"}],"author":[{"embeddable":true,"href":"https:\/\/www.pasteris.it\/blog\/wp-json\/wp\/v2\/users\/4"}],"replies":[{"embeddable":true,"href":"https:\/\/www.pasteris.it\/blog\/wp-json\/wp\/v2\/comments?post=1417"}],"version-history":[{"count":0,"href":"https:\/\/www.pasteris.it\/blog\/wp-json\/wp\/v2\/posts\/1417\/revisions"}],"wp:attachment":[{"href":"https:\/\/www.pasteris.it\/blog\/wp-json\/wp\/v2\/media?parent=1417"}],"wp:term":[{"taxonomy":"category","embeddable":true,"href":"https:\/\/www.pasteris.it\/blog\/wp-json\/wp\/v2\/categories?post=1417"},{"taxonomy":"post_tag","embeddable":true,"href":"https:\/\/www.pasteris.it\/blog\/wp-json\/wp\/v2\/tags?post=1417"}],"curies":[{"name":"wp","href":"https:\/\/api.w.org\/{rel}","templated":true}]}}