{"id":14400,"date":"2009-11-12T18:30:06","date_gmt":"2009-11-12T17:30:06","guid":{"rendered":"http:\/\/www.pasteris.it\/blog\/?p=14400"},"modified":"2009-11-12T21:33:00","modified_gmt":"2009-11-12T20:33:00","slug":"i-realize-start-up-hack","status":"publish","type":"post","link":"https:\/\/www.pasteris.it\/blog\/2009\/11\/12\/i-realize-start-up-hack\/","title":{"rendered":"I Realize Start-Up Hack"},"content":{"rendered":"<p><a href=\"http:\/\/www.torinovalley.com\/blog\/2009\/11\/12\/i-realize-start-up-hack\/\">Via\u00a0 Torino Valley blog<\/a><\/p>\n<blockquote><p><img loading=\"lazy\" decoding=\"async\" class=\"alignright\" title=\"irealize\" src=\"http:\/\/www.irealize.eu\/ep1\/wp-content\/themes\/biztheme\/images\/irealize-stuphack.png\" alt=\"\" width=\"370\" height=\"109\" \/>La creazione di nuove opportunit\u00e0 imprenditoriali necessita di competenze e soprattutto della voglia dei pi\u00f9 giovani di realizzare la propria idea. \u00c8 questo lo spirito della <a href=\"http:\/\/www.unleashingideas.org\/italy\">Global Entrepreneurship Week<\/a> un evento che si svolge dal 16 al 22 novembre e che \u201cmetter\u00e0 in contatto persone di tutto il mondo attraverso attivit\u00e0 locali,nazionali e globali progettate per aiutarle ad esplorare le loro potenzialit\u00e0 come imprenditori e innovatori\u201d. Aderendo a questo messaggio il consorzio Top-ix di Torino promuove <a href=\"http:\/\/www.irealize.eu\/ep1\/\">I Realize Start-up Hack<\/a> un workshop di un giorno con l\u2019obbiettivo di trasformare tesi universitarie in business plan.<\/p>\n<p>Elaborato in collaborazione con <a href=\"http:\/\/www.tesicamp.org\/\">Tesicamp.org<\/a>, evento durante il quale laureati e laureandi in innovazione digitale hanno presentato le proprie tesi a un pubblico di professionisti e aziende, Start-Up Hack si svolger\u00e0 presso il Politecnico di Torino \/ I3P il prossimo 18 Novembre. Professionisti con varie competenze collaboreranno con gli studenti per elaborare il business plan delle loro tesi. Al termine della giornata una sessione di elevator pitch, con vincitore finale.<\/p><\/blockquote>\n","protected":false},"excerpt":{"rendered":"<p>Via\u00a0 Torino Valley blog La creazione di nuove opportunit\u00e0 imprenditoriali necessita di competenze e soprattutto della voglia dei pi\u00f9 giovani di realizzare la propria idea. \u00c8 questo lo spirito della Global Entrepreneurship Week un evento che si svolge dal 16 al 22 novembre e che \u201cmetter\u00e0 in contatto persone di tutto il mondo attraverso attivit\u00e0 &#8230; <a title=\"I Realize Start-Up Hack\" class=\"read-more\" href=\"https:\/\/www.pasteris.it\/blog\/2009\/11\/12\/i-realize-start-up-hack\/\" aria-label=\"Per saperne di pi\u00f9 su I Realize Start-Up Hack\">Leggi tutto<\/a><\/p>\n","protected":false},"author":3,"featured_media":0,"comment_status":"open","ping_status":"open","sticky":false,"template":"","format":"standard","meta":{"footnotes":""},"categories":[17,6,14],"tags":[324,339,340],"class_list":["post-14400","post","type-post","status-publish","format-standard","hentry","category-economia","category-internet","category-torino","tag-startup","tag-topix","tag-torino-valley"],"_links":{"self":[{"href":"https:\/\/www.pasteris.it\/blog\/wp-json\/wp\/v2\/posts\/14400","targetHints":{"allow":["GET"]}}],"collection":[{"href":"https:\/\/www.pasteris.it\/blog\/wp-json\/wp\/v2\/posts"}],"about":[{"href":"https:\/\/www.pasteris.it\/blog\/wp-json\/wp\/v2\/types\/post"}],"author":[{"embeddable":true,"href":"https:\/\/www.pasteris.it\/blog\/wp-json\/wp\/v2\/users\/3"}],"replies":[{"embeddable":true,"href":"https:\/\/www.pasteris.it\/blog\/wp-json\/wp\/v2\/comments?post=14400"}],"version-history":[{"count":4,"href":"https:\/\/www.pasteris.it\/blog\/wp-json\/wp\/v2\/posts\/14400\/revisions"}],"predecessor-version":[{"id":14402,"href":"https:\/\/www.pasteris.it\/blog\/wp-json\/wp\/v2\/posts\/14400\/revisions\/14402"}],"wp:attachment":[{"href":"https:\/\/www.pasteris.it\/blog\/wp-json\/wp\/v2\/media?parent=14400"}],"wp:term":[{"taxonomy":"category","embeddable":true,"href":"https:\/\/www.pasteris.it\/blog\/wp-json\/wp\/v2\/categories?post=14400"},{"taxonomy":"post_tag","embeddable":true,"href":"https:\/\/www.pasteris.it\/blog\/wp-json\/wp\/v2\/tags?post=14400"}],"curies":[{"name":"wp","href":"https:\/\/api.w.org\/{rel}","templated":true}]}}