{"id":14430,"date":"2009-11-12T16:00:48","date_gmt":"2009-11-12T15:00:48","guid":{"rendered":"http:\/\/www.pasteris.it\/blog\/?p=14430"},"modified":"2009-11-13T04:20:00","modified_gmt":"2009-11-13T03:20:00","slug":"separazione-con-addebito","status":"publish","type":"post","link":"https:\/\/www.pasteris.it\/blog\/2009\/11\/12\/separazione-con-addebito\/","title":{"rendered":"Separazione con addebito"},"content":{"rendered":"<p><a href=\"http:\/\/www.corriere.it\/politica\/09_novembre_12\/veronica-tribunale-sacchi_de222d3e-cf52-11de-a0b4-00144f02aabc.shtml\">Via Corriere.it<\/a><\/p>\n<blockquote><p>Alla fine sar\u00e0 il giudice a dire come dovr\u00e0 chiudersi il matrimonio tra Veronica Lario e il premier Silvio Berlusconi. Secondo fonti vicine alle parti, la first lady avrebbe depositato in Tribunale un ricorso indivi\u00adduale di separazione con ad\u00addebito. Non si avvera il desi\u00adderio dall\u2019avvocato del pre\u00admier Niccol\u00f2 Ghedini, all\u2019in\u00addomani della mossa di Vero\u00adnica di arrivare a una divisio\u00adne morbida. \u00abChiedere l\u2019ad\u00addebito della separazione si\u00adgnifica voler sensibilizzare il giudice sulla gravit\u00e0 dei comportamenti tenuti dal coniuge nei rapporti familia\u00adri \u00bb, spiega Anna Galizia Da\u00adnovi, avvocato matrimonia\u00adlista e presidente del centro per la riforma del diritto di famiglia.<\/p>\n<p>Sar\u00e0 dunque battaglia lega\u00adle. Che la vicenda stesse im\u00adboccando una strada com\u00adplessa, lo si era capito negli ultimi giorni. Quando la composizione dei collegi di difesa ha iniziato ad allargar\u00adsi. Accanto agli avvocati ma\u00adtrimonialisti, sono scesi in campo anche esperti di dirit\u00adto patrimoniale e societario, nonch\u00e9 di assetti ereditari. E questo perch\u00e9 il nodo della separazione \u00e8 la divisione per eredit\u00e0 di Berlusconi e dunque dell\u2019impero Finin\u00advest. Un gruppo che spazia dalle tv di Mediaset all\u2019edito\u00adria della Mondadori, alla fi\u00adnanza di Mediolanum. E che \u00e8 tra i maggiori in Italia. Le sole tv del Biscione in Borsa hanno un valore totale (com\u00adpreso quello dei soci di mino\u00adranza) pari a 5,5 miliardi, la compagnia di assicurazioni, 3,2 miliardi, la casa di Segra\u00adte quasi 900 milioni. \u00abLotte in famiglia? Non ce ne sono. E, se mio padre \u00e8 uo\u00admo giusto ed equo, non ce ne saranno neanche in futu\u00adro \u00bb, diceva solo pochi mesi fa la figlia Barbara, primoge\u00adnita di Veronica e Silvio Ber\u00adlusconi.<\/p><\/blockquote>\n","protected":false},"excerpt":{"rendered":"<p>Via Corriere.it Alla fine sar\u00e0 il giudice a dire come dovr\u00e0 chiudersi il matrimonio tra Veronica Lario e il premier Silvio Berlusconi. Secondo fonti vicine alle parti, la first lady avrebbe depositato in Tribunale un ricorso indivi\u00adduale di separazione con ad\u00addebito. Non si avvera il desi\u00adderio dall\u2019avvocato del pre\u00admier Niccol\u00f2 Ghedini, all\u2019in\u00addomani della mossa di &#8230; <a title=\"Separazione con addebito\" class=\"read-more\" href=\"https:\/\/www.pasteris.it\/blog\/2009\/11\/12\/separazione-con-addebito\/\" aria-label=\"Per saperne di pi\u00f9 su Separazione con addebito\">Leggi tutto<\/a><\/p>\n","protected":false},"author":3,"featured_media":0,"comment_status":"open","ping_status":"open","sticky":false,"template":"","format":"standard","meta":{"footnotes":""},"categories":[1],"tags":[69],"class_list":["post-14430","post","type-post","status-publish","format-standard","hentry","category-politica","tag-berlusconi"],"_links":{"self":[{"href":"https:\/\/www.pasteris.it\/blog\/wp-json\/wp\/v2\/posts\/14430","targetHints":{"allow":["GET"]}}],"collection":[{"href":"https:\/\/www.pasteris.it\/blog\/wp-json\/wp\/v2\/posts"}],"about":[{"href":"https:\/\/www.pasteris.it\/blog\/wp-json\/wp\/v2\/types\/post"}],"author":[{"embeddable":true,"href":"https:\/\/www.pasteris.it\/blog\/wp-json\/wp\/v2\/users\/3"}],"replies":[{"embeddable":true,"href":"https:\/\/www.pasteris.it\/blog\/wp-json\/wp\/v2\/comments?post=14430"}],"version-history":[{"count":1,"href":"https:\/\/www.pasteris.it\/blog\/wp-json\/wp\/v2\/posts\/14430\/revisions"}],"predecessor-version":[{"id":14431,"href":"https:\/\/www.pasteris.it\/blog\/wp-json\/wp\/v2\/posts\/14430\/revisions\/14431"}],"wp:attachment":[{"href":"https:\/\/www.pasteris.it\/blog\/wp-json\/wp\/v2\/media?parent=14430"}],"wp:term":[{"taxonomy":"category","embeddable":true,"href":"https:\/\/www.pasteris.it\/blog\/wp-json\/wp\/v2\/categories?post=14430"},{"taxonomy":"post_tag","embeddable":true,"href":"https:\/\/www.pasteris.it\/blog\/wp-json\/wp\/v2\/tags?post=14430"}],"curies":[{"name":"wp","href":"https:\/\/api.w.org\/{rel}","templated":true}]}}