{"id":14627,"date":"2009-11-21T21:12:38","date_gmt":"2009-11-21T20:12:38","guid":{"rendered":"http:\/\/www.pasteris.it\/blog\/?p=14627"},"modified":"2009-11-21T21:12:38","modified_gmt":"2009-11-21T20:12:38","slug":"per-eutelia-cassa-integrazione-e-preoccupazioni-consob","status":"publish","type":"post","link":"https:\/\/www.pasteris.it\/blog\/2009\/11\/21\/per-eutelia-cassa-integrazione-e-preoccupazioni-consob\/","title":{"rendered":"Per Eutelia cassa integrazione e preoccupazioni Consob"},"content":{"rendered":"<p><a href=\"http:\/\/www.asca.it\/news-EUTELIA__AVVIATA_PROCEDURA_CASSA_INTEGRAZIONE_ORDINARIA-876253-ECO&amp;comunicati=1-.html\">Via Asca<\/a><\/p>\n<blockquote><p>Eutelia ha avviato la procedura di Cassa Integrazione Ordinaria, finalizzata al riequilibrio momentaneo del numero degli addetti. Lo comunica la stessa azienda precisando che la decisione tiene anche conto &#8221;dell&#8217;occupazione di alcune sedi aziendali da parte di dipendenti in agitazione di societa&#8217; del Gruppo Omega&#8221;.<\/p><\/blockquote>\n<p><a href=\"http:\/\/finanza.lastampa.it\/Notizie\/0,373074\/Eutelia_ok_delle_banche_a_congelamento_del.aspx\">Via Lastampa.it<\/a><\/p>\n<blockquote><p>Nel frattempo Eutelia si trova nella black list della Consob a causa di una situazione patrimoniale molto a rischio. L&#8217;accordo di stand still con le banche per il congelamento del debito fino alla fine del 2010 non \u00e8 ancora approdato a un assetto definitivo. La previsione di un aumento di capitale da 20 milioni di euro per l&#8217;anno prossimo pu\u00f2 essere un utile pungolo, ma il via libera delle banche, dopo la violazione dei covenant sul debito \u00e8 tuttora una condizione imprescindibile se si vuole evitare un default della societ\u00e0.<\/p>\n<p>Allo scorso 30 settembre il conto economico dei tre mesi precedenti evidenziava ricavi da 71,7 milioni di euro a fronte dei 100,19 milioni del terzo trimestre 2008. Il conto sui nove mesi indicava invece una flessione da 319,2 a 245 milioni di euro. II costi per il personale risultano scesi notevolmente sicuramente grazie alla vendita degli asset IT che ha portato a un alleggerimento della struttura della societ\u00e0 innegabile almeno dal punto di vista della struttura dei costi. Il rosso del terzo trimestre 2008 era di 25,5 milioni di euro, il rosso dell&#8217;ultimo trimestre \u00e8 di 2,5 milioni di euro.<\/p>\n<p><!--more--><\/p>\n<p>La posizione finanziaria \u00e8 in netto miglioramento a 48,8 milioni di euro, ma \u00e8\u00a0ancora troppo rispetto al margine operativo lordo da 13,9 milioni. Le covenants sui prestiti erogati da Centrobanca richiedono infatti un rapporto pfn\/mol di 2 e quelle sui prestiti di Antonveneta di 3. Da qui l&#8217;urgenza di trovare un accordo su queste esposizioni che le banche potrebbero reclamare da subito.<\/p>\n<p>A complicare ulteriormente le cose si sono poi messe le lungaggini nella cessione di un immobile da 24,5 milioni di euro a Roma che sarebbe importante per la societ\u00e0 ma che \u00e8 slittata dalla data originale del 15 ottobre a causa di problemi con il mutuo acceso dalla societ\u00e0 acquirente con Intesa Sanpaolo.<\/p>\n<p>In questo contesto i legami con Omega non sembrano affatto rescissi tanto che il gruppo Eutelia ha deciso di accantonare 13,4 milioni di euro per cautelarsi da effetti indiretti provenienti per esempio dal mancato pagamento delle esposizioni tributarie in capo alla stessa Omega.<\/p>\n<p>A fronte di un patrimonio netto ormai ridotto a 29 milioni di euro il gruppo ha passivit\u00e0 correnti per 267 milioni di euro e una liquidit\u00e0 di appena 10,7 milioni di euro. Sicuramente i passi avanti compiuti sono notevoli, tuttavia, senza un rapido accordo con le banche la situazione del gruppo Eutelia, anche al netto delle attivit\u00e0 IT cedute con i correlati dipendenti, risulta davvero critica.<\/p><\/blockquote>\n","protected":false},"excerpt":{"rendered":"<p>Via Asca Eutelia ha avviato la procedura di Cassa Integrazione Ordinaria, finalizzata al riequilibrio momentaneo del numero degli addetti. Lo comunica la stessa azienda precisando che la decisione tiene anche conto &#8221;dell&#8217;occupazione di alcune sedi aziendali da parte di dipendenti in agitazione di societa&#8217; del Gruppo Omega&#8221;. Via Lastampa.it Nel frattempo Eutelia si trova nella &#8230; <a title=\"Per Eutelia cassa integrazione e preoccupazioni Consob\" class=\"read-more\" href=\"https:\/\/www.pasteris.it\/blog\/2009\/11\/21\/per-eutelia-cassa-integrazione-e-preoccupazioni-consob\/\" aria-label=\"Per saperne di pi\u00f9 su Per Eutelia cassa integrazione e preoccupazioni Consob\">Leggi tutto<\/a><\/p>\n","protected":false},"author":3,"featured_media":0,"comment_status":"open","ping_status":"open","sticky":false,"template":"","format":"standard","meta":{"footnotes":""},"categories":[17,6,14],"tags":[1149,379,128,515,426],"class_list":["post-14627","post","type-post","status-publish","format-standard","hentry","category-economia","category-internet","category-torino","tag-agile","tag-crisi","tag-eutelia","tag-ict","tag-lavoro"],"_links":{"self":[{"href":"https:\/\/www.pasteris.it\/blog\/wp-json\/wp\/v2\/posts\/14627","targetHints":{"allow":["GET"]}}],"collection":[{"href":"https:\/\/www.pasteris.it\/blog\/wp-json\/wp\/v2\/posts"}],"about":[{"href":"https:\/\/www.pasteris.it\/blog\/wp-json\/wp\/v2\/types\/post"}],"author":[{"embeddable":true,"href":"https:\/\/www.pasteris.it\/blog\/wp-json\/wp\/v2\/users\/3"}],"replies":[{"embeddable":true,"href":"https:\/\/www.pasteris.it\/blog\/wp-json\/wp\/v2\/comments?post=14627"}],"version-history":[{"count":2,"href":"https:\/\/www.pasteris.it\/blog\/wp-json\/wp\/v2\/posts\/14627\/revisions"}],"predecessor-version":[{"id":14629,"href":"https:\/\/www.pasteris.it\/blog\/wp-json\/wp\/v2\/posts\/14627\/revisions\/14629"}],"wp:attachment":[{"href":"https:\/\/www.pasteris.it\/blog\/wp-json\/wp\/v2\/media?parent=14627"}],"wp:term":[{"taxonomy":"category","embeddable":true,"href":"https:\/\/www.pasteris.it\/blog\/wp-json\/wp\/v2\/categories?post=14627"},{"taxonomy":"post_tag","embeddable":true,"href":"https:\/\/www.pasteris.it\/blog\/wp-json\/wp\/v2\/tags?post=14627"}],"curies":[{"name":"wp","href":"https:\/\/api.w.org\/{rel}","templated":true}]}}