{"id":14664,"date":"2009-11-23T18:01:44","date_gmt":"2009-11-23T17:01:44","guid":{"rendered":"http:\/\/www.pasteris.it\/blog\/?p=14664"},"modified":"2009-11-23T18:01:44","modified_gmt":"2009-11-23T17:01:44","slug":"bondi-saviano-le-qualita-artistiche-e-la-tempra-morale","status":"publish","type":"post","link":"https:\/\/www.pasteris.it\/blog\/2009\/11\/23\/bondi-saviano-le-qualita-artistiche-e-la-tempra-morale\/","title":{"rendered":"Bondi, Saviano, le qualit\u00e0 artistiche e la tempra morale"},"content":{"rendered":"<p>Stupiscono il tono e le parole\u00a0 con cui il <a href=\"http:\/\/it.wikipedia.org\/wiki\/Sandro_Bondi\">ministro poeta Sandro Bondi<\/a> s<a href=\"http:\/\/www.repubblica.it\/2009\/11\/sezioni\/politica\/giustizia-18\/bondi-lettera\/bondi-lettera.html\">crive oggi a a Roberto Saviano su\u00a0 Repubblica<\/a>, facendo riferimento pi\u00f9\u00a0 alle doti artistiche che non alla civilt\u00e0 e al coraggio di Saviano, caratteristiche evidentemente a lui poco note. Il finale retorico della lettera \u00e8 imbarazzante (per il ghostwriter che l&#8217;ha scritta e per il ministro).<\/p>\n<blockquote><p>Quando si uniscono il fattore emozionale, la capacit\u00e0 di avvincere chi legge attraverso il ritmo e lo stile del racconto e la volont\u00e0 di portare alla luce realt\u00e0 terribili, come quella legata alla criminalit\u00e0 organizzata e alla ferocia che spesso la caratterizza, allora si ha quello che definirei il &#8220;connubio perfetto&#8221;. Quando si riesce ad amalgamare questi elementi si ottiene, prima ancora di tutti i successivi e meritati riconoscimenti, la laurea pi\u00f9 importante per uno scrittore: l&#8217;approvazione del pubblico. Se oggi mi permetto di scriverle \u00e8 perch\u00e9 ammiro le sue qualit\u00e0 artistiche e la sua tempra morale<\/p>\n<p>&#8230;<\/p>\n<p><!--more--><\/p>\n<p>L&#8217;Italia sar\u00e0 capace di diventare un Paese moderno e civile, innanzitutto se cesser\u00e0 una guerra civile strisciante, se verranno meno le divisioni politiche artificiose, per lasciare posto al dialogo, all&#8217;ascolto, alla concordia e alla collaborazione fra tutte le persone di buona volont\u00e0, che si trovano in egual misura in tutte le forze politiche.<\/p>\n<p>Per questo vorrei invitarla a non abbandonare il suo impegno civile e culturale tanto pi\u00f9 limpido e ascoltato quanto pi\u00f9 alieno da pregiudizi ideologici, e di costruire insieme un linguaggio nuovo, una nuova disposizione d&#8217;animo, il superamento di vecchie barriere che sono il primo ostacolo ad affrontare quei mali che lei combatte con tanta forza e dignit\u00e0. Perch\u00e9 vede, se anche possiamo avere idee politiche diverse, le assicuro che ci accomuna l&#8217;amore per la verit\u00e0 e la faticosa ricerca delle giuste soluzioni in grado di aiutarci a costruire, ognuno offrendo il proprio contributo a una societ\u00e0 migliore dove il bene abbia la meglio sul male e la serenit\u00e0 sull&#8217;odio.<\/p><\/blockquote>\n","protected":false},"excerpt":{"rendered":"<p>Stupiscono il tono e le parole\u00a0 con cui il ministro poeta Sandro Bondi scrive oggi a a Roberto Saviano su\u00a0 Repubblica, facendo riferimento pi\u00f9\u00a0 alle doti artistiche che non alla civilt\u00e0 e al coraggio di Saviano, caratteristiche evidentemente a lui poco note. Il finale retorico della lettera \u00e8 imbarazzante (per il ghostwriter che l&#8217;ha scritta &#8230; <a title=\"Bondi, Saviano, le qualit\u00e0 artistiche e la tempra morale\" class=\"read-more\" href=\"https:\/\/www.pasteris.it\/blog\/2009\/11\/23\/bondi-saviano-le-qualita-artistiche-e-la-tempra-morale\/\" aria-label=\"Per saperne di pi\u00f9 su Bondi, Saviano, le qualit\u00e0 artistiche e la tempra morale\">Leggi tutto<\/a><\/p>\n","protected":false},"author":3,"featured_media":0,"comment_status":"open","ping_status":"open","sticky":false,"template":"","format":"standard","meta":{"footnotes":""},"categories":[11,1,32],"tags":[69,1168,284,806],"class_list":["post-14664","post","type-post","status-publish","format-standard","hentry","category-diritti","category-politica","category-pensieri","tag-berlusconi","tag-bondi","tag-repubblica","tag-saviano"],"_links":{"self":[{"href":"https:\/\/www.pasteris.it\/blog\/wp-json\/wp\/v2\/posts\/14664","targetHints":{"allow":["GET"]}}],"collection":[{"href":"https:\/\/www.pasteris.it\/blog\/wp-json\/wp\/v2\/posts"}],"about":[{"href":"https:\/\/www.pasteris.it\/blog\/wp-json\/wp\/v2\/types\/post"}],"author":[{"embeddable":true,"href":"https:\/\/www.pasteris.it\/blog\/wp-json\/wp\/v2\/users\/3"}],"replies":[{"embeddable":true,"href":"https:\/\/www.pasteris.it\/blog\/wp-json\/wp\/v2\/comments?post=14664"}],"version-history":[{"count":2,"href":"https:\/\/www.pasteris.it\/blog\/wp-json\/wp\/v2\/posts\/14664\/revisions"}],"predecessor-version":[{"id":14666,"href":"https:\/\/www.pasteris.it\/blog\/wp-json\/wp\/v2\/posts\/14664\/revisions\/14666"}],"wp:attachment":[{"href":"https:\/\/www.pasteris.it\/blog\/wp-json\/wp\/v2\/media?parent=14664"}],"wp:term":[{"taxonomy":"category","embeddable":true,"href":"https:\/\/www.pasteris.it\/blog\/wp-json\/wp\/v2\/categories?post=14664"},{"taxonomy":"post_tag","embeddable":true,"href":"https:\/\/www.pasteris.it\/blog\/wp-json\/wp\/v2\/tags?post=14664"}],"curies":[{"name":"wp","href":"https:\/\/api.w.org\/{rel}","templated":true}]}}