{"id":14695,"date":"2009-11-25T14:57:54","date_gmt":"2009-11-25T13:57:54","guid":{"rendered":"http:\/\/www.pasteris.it\/blog\/?p=14695"},"modified":"2009-11-25T14:57:54","modified_gmt":"2009-11-25T13:57:54","slug":"eutelia-ora-stacca-anche-il-ramo-dazienda-tlc","status":"publish","type":"post","link":"https:\/\/www.pasteris.it\/blog\/2009\/11\/25\/eutelia-ora-stacca-anche-il-ramo-dazienda-tlc\/","title":{"rendered":"Eutelia ora stacca anche il ramo d&#8217;azienda Tlc"},"content":{"rendered":"<p>Eutelia comunica di aver deliberato la cessione, mediante conferimento, del ramo di azienda relativo alle proprie attivit\u00e0 commerciali e al proprio portafoglio clienti TLC alla neocostituita Noitel Srl, con sede legale in Roma, partecipata al 100% da Eutelia. A tal fine sono state avviate le consultazioni sindacali previste dalla legislazione vigente.<br \/>\nIl conferimento ha lo scopo di circoscrivere e di dare una nuova veste societaria al ramo aziendale pi\u00f9 operativo, in particolare nel settore commerciale. L&#8217;operazione permetter\u00e0 di focalizzare con maggior efficacia il business, rendendo pi\u00f9 competitive e produttive le attivit\u00e0 ad esso direttamente afferenti, con benefici anche in termini di chiarezza ed evidenza nella rappresentazione al mercato. Eutelia manterr\u00e0 gli assets principali, ed in particolare l&#8217;infrastruttura di rete. <\/p>\n","protected":false},"excerpt":{"rendered":"<p>Eutelia comunica di aver deliberato la cessione, mediante conferimento, del ramo di azienda relativo alle proprie attivit\u00e0 commerciali e al proprio portafoglio clienti TLC alla neocostituita Noitel Srl, con sede legale in Roma, partecipata al 100% da Eutelia. A tal fine sono state avviate le consultazioni sindacali previste dalla legislazione vigente. Il conferimento ha lo &#8230; <a title=\"Eutelia ora stacca anche il ramo d&#8217;azienda Tlc\" class=\"read-more\" href=\"https:\/\/www.pasteris.it\/blog\/2009\/11\/25\/eutelia-ora-stacca-anche-il-ramo-dazienda-tlc\/\" aria-label=\"Per saperne di pi\u00f9 su Eutelia ora stacca anche il ramo d&#8217;azienda Tlc\">Leggi tutto<\/a><\/p>\n","protected":false},"author":3,"featured_media":0,"comment_status":"open","ping_status":"open","sticky":false,"template":"","format":"standard","meta":{"footnotes":""},"categories":[17,6,19],"tags":[379,128,426,542],"class_list":["post-14695","post","type-post","status-publish","format-standard","hentry","category-economia","category-internet","category-tecnologia","tag-crisi","tag-eutelia","tag-lavoro","tag-tlc"],"_links":{"self":[{"href":"https:\/\/www.pasteris.it\/blog\/wp-json\/wp\/v2\/posts\/14695","targetHints":{"allow":["GET"]}}],"collection":[{"href":"https:\/\/www.pasteris.it\/blog\/wp-json\/wp\/v2\/posts"}],"about":[{"href":"https:\/\/www.pasteris.it\/blog\/wp-json\/wp\/v2\/types\/post"}],"author":[{"embeddable":true,"href":"https:\/\/www.pasteris.it\/blog\/wp-json\/wp\/v2\/users\/3"}],"replies":[{"embeddable":true,"href":"https:\/\/www.pasteris.it\/blog\/wp-json\/wp\/v2\/comments?post=14695"}],"version-history":[{"count":1,"href":"https:\/\/www.pasteris.it\/blog\/wp-json\/wp\/v2\/posts\/14695\/revisions"}],"predecessor-version":[{"id":14696,"href":"https:\/\/www.pasteris.it\/blog\/wp-json\/wp\/v2\/posts\/14695\/revisions\/14696"}],"wp:attachment":[{"href":"https:\/\/www.pasteris.it\/blog\/wp-json\/wp\/v2\/media?parent=14695"}],"wp:term":[{"taxonomy":"category","embeddable":true,"href":"https:\/\/www.pasteris.it\/blog\/wp-json\/wp\/v2\/categories?post=14695"},{"taxonomy":"post_tag","embeddable":true,"href":"https:\/\/www.pasteris.it\/blog\/wp-json\/wp\/v2\/tags?post=14695"}],"curies":[{"name":"wp","href":"https:\/\/api.w.org\/{rel}","templated":true}]}}