{"id":1475,"date":"2007-03-27T09:29:00","date_gmt":"2007-03-27T08:29:00","guid":{"rendered":"http:\/\/www.pasteris.it\/blog\/2007\/03\/27\/congelare-il-tempo\/"},"modified":"2007-03-27T09:29:00","modified_gmt":"2007-03-27T08:29:00","slug":"congelare-il-tempo","status":"publish","type":"post","link":"https:\/\/www.pasteris.it\/blog\/2007\/03\/27\/congelare-il-tempo\/","title":{"rendered":"Congelare il tempo"},"content":{"rendered":"<p><img decoding=\"async\" align=\"right\" src=\"http:\/\/www.myminutes.org\/images\/mm_logo.gif?1173862750\" \/><a href=\"http:\/\/www.Myminutes.org\">Myminutes.org<\/a> \u00e8 la prima community che raccoglie i minuti pi\u00f9 belli, un portale nel quale \u00e8 possibile associare ai momenti pi\u00f9 significativi della propria vita i minuti dell\u2019anno solare assoluto, che andranno a formare il primo calendario emozionale collettivo condivisibile.<\/p>\n<p>L\u2019utente che accede al sito ha la facolt\u00e0 di comprare, con un piccolo contributo, uno o pi\u00f9 minuti e avendo a disposizione la home page nei minuti selezionati per sempre, dove pubblicare ci\u00f2 che desidera: foto, video, filmati audio a cui collegare titoli, testi, dediche, poesie, racconti, link al suo sito o blog.<\/p>\n","protected":false},"excerpt":{"rendered":"<p>Myminutes.org \u00e8 la prima community che raccoglie i minuti pi\u00f9 belli, un portale nel quale \u00e8 possibile associare ai momenti pi\u00f9 significativi della propria vita i minuti dell\u2019anno solare assoluto, che andranno a formare il primo calendario emozionale collettivo condivisibile. L\u2019utente che accede al sito ha la facolt\u00e0 di comprare, con un piccolo contributo, uno &#8230; <a title=\"Congelare il tempo\" class=\"read-more\" href=\"https:\/\/www.pasteris.it\/blog\/2007\/03\/27\/congelare-il-tempo\/\" aria-label=\"Per saperne di pi\u00f9 su Congelare il tempo\">Leggi tutto<\/a><\/p>\n","protected":false},"author":4,"featured_media":0,"comment_status":"open","ping_status":"open","sticky":false,"template":"","format":"standard","meta":{"footnotes":""},"categories":[],"tags":[7,2157,561,354],"class_list":["post-1475","post","type-post","status-publish","format-standard","hentry","tag-audio","tag-blog","tag-tempo","tag-video"],"_links":{"self":[{"href":"https:\/\/www.pasteris.it\/blog\/wp-json\/wp\/v2\/posts\/1475","targetHints":{"allow":["GET"]}}],"collection":[{"href":"https:\/\/www.pasteris.it\/blog\/wp-json\/wp\/v2\/posts"}],"about":[{"href":"https:\/\/www.pasteris.it\/blog\/wp-json\/wp\/v2\/types\/post"}],"author":[{"embeddable":true,"href":"https:\/\/www.pasteris.it\/blog\/wp-json\/wp\/v2\/users\/4"}],"replies":[{"embeddable":true,"href":"https:\/\/www.pasteris.it\/blog\/wp-json\/wp\/v2\/comments?post=1475"}],"version-history":[{"count":0,"href":"https:\/\/www.pasteris.it\/blog\/wp-json\/wp\/v2\/posts\/1475\/revisions"}],"wp:attachment":[{"href":"https:\/\/www.pasteris.it\/blog\/wp-json\/wp\/v2\/media?parent=1475"}],"wp:term":[{"taxonomy":"category","embeddable":true,"href":"https:\/\/www.pasteris.it\/blog\/wp-json\/wp\/v2\/categories?post=1475"},{"taxonomy":"post_tag","embeddable":true,"href":"https:\/\/www.pasteris.it\/blog\/wp-json\/wp\/v2\/tags?post=1475"}],"curies":[{"name":"wp","href":"https:\/\/api.w.org\/{rel}","templated":true}]}}