{"id":1476,"date":"2007-03-27T15:24:11","date_gmt":"2007-03-27T14:24:11","guid":{"rendered":"http:\/\/www.pasteris.it\/blog\/2007\/03\/27\/back-to-secci\/"},"modified":"2007-03-27T15:35:54","modified_gmt":"2007-03-27T14:35:54","slug":"back-to-secci","status":"publish","type":"post","link":"https:\/\/www.pasteris.it\/blog\/2007\/03\/27\/back-to-secci\/","title":{"rendered":"Back To Secci"},"content":{"rendered":"<p>C&#8217;era qualche un po&#8217; di tempo fa un Tale Andrea Secci che faceva bene mille cose nella nascente civit\u00e0 digitale italiana. Con gli anni ne ha fatte sempre di pi\u00f9 e sempre migliori. Ora pare volersi prendere una pausa a NY.<\/p>\n<p>Tanto per fare qualcosa di allegro si \u00e8 aperto un blog dal nome profetico: <a href=\"http:\/\/www.backtotech.com\">www.<br \/>\nbacktotech.com<\/a> con sottotitolo: una visione ironica e dissacrante della comunicazione e dei suoi protagonisti. Stay tuned<\/p>\n","protected":false},"excerpt":{"rendered":"<p>C&#8217;era qualche un po&#8217; di tempo fa un Tale Andrea Secci che faceva bene mille cose nella nascente civit\u00e0 digitale italiana. Con gli anni ne ha fatte sempre di pi\u00f9 e sempre migliori. Ora pare volersi prendere una pausa a NY. Tanto per fare qualcosa di allegro si \u00e8 aperto un blog dal nome profetico: &#8230; <a title=\"Back To Secci\" class=\"read-more\" href=\"https:\/\/www.pasteris.it\/blog\/2007\/03\/27\/back-to-secci\/\" aria-label=\"Per saperne di pi\u00f9 su Back To Secci\">Leggi tutto<\/a><\/p>\n","protected":false},"author":4,"featured_media":0,"comment_status":"open","ping_status":"open","sticky":false,"template":"","format":"standard","meta":{"footnotes":""},"categories":[],"tags":[2157,116,61,36,561],"class_list":["post-1476","post","type-post","status-publish","format-standard","hentry","tag-blog","tag-digitale","tag-italia","tag-tag","tag-tempo"],"_links":{"self":[{"href":"https:\/\/www.pasteris.it\/blog\/wp-json\/wp\/v2\/posts\/1476","targetHints":{"allow":["GET"]}}],"collection":[{"href":"https:\/\/www.pasteris.it\/blog\/wp-json\/wp\/v2\/posts"}],"about":[{"href":"https:\/\/www.pasteris.it\/blog\/wp-json\/wp\/v2\/types\/post"}],"author":[{"embeddable":true,"href":"https:\/\/www.pasteris.it\/blog\/wp-json\/wp\/v2\/users\/4"}],"replies":[{"embeddable":true,"href":"https:\/\/www.pasteris.it\/blog\/wp-json\/wp\/v2\/comments?post=1476"}],"version-history":[{"count":0,"href":"https:\/\/www.pasteris.it\/blog\/wp-json\/wp\/v2\/posts\/1476\/revisions"}],"wp:attachment":[{"href":"https:\/\/www.pasteris.it\/blog\/wp-json\/wp\/v2\/media?parent=1476"}],"wp:term":[{"taxonomy":"category","embeddable":true,"href":"https:\/\/www.pasteris.it\/blog\/wp-json\/wp\/v2\/categories?post=1476"},{"taxonomy":"post_tag","embeddable":true,"href":"https:\/\/www.pasteris.it\/blog\/wp-json\/wp\/v2\/tags?post=1476"}],"curies":[{"name":"wp","href":"https:\/\/api.w.org\/{rel}","templated":true}]}}